{"id":3925,"date":"2025-09-19T14:40:12","date_gmt":"2025-09-19T14:40:12","guid":{"rendered":"https:\/\/comprodiverso.com\/?p=3925"},"modified":"2025-09-19T14:40:13","modified_gmt":"2025-09-19T14:40:13","slug":"bisexuality-prejudices-and-how-to-keep-them-out-of-your-company","status":"publish","type":"post","link":"https:\/\/comprodiverso.com\/en\/labor-inclusion\/bisexuality-prejudices-and-how-to-keep-them-out-of-your-company\/","title":{"rendered":"Prejudices about bisexuality and how to keep them out of your company"},"content":{"rendered":"<h4 class=\"wp-block-heading\">Bisexual people exist in any environment, even in the workplace, these are some of the prejudices that this population commonly faces.<\/h4>\n\n\n\n<p><strong>Bisexuality is a sexual orientation where someone is romantically and emotionally attracted to people of more than one gender.<\/strong><\/p>\n\n\n\n<p><strong>In Mexico<\/strong>according to the National Survey on Sexual and Gender Diversity (Endiseg) 2021, <strong>there are approximately 4.6 million LGB+ people in the United States.<\/strong>. Of this figure, <strong>more than 2.3 million people identified as bisexual (51.7%)<\/strong>. So there is such a thing as bi people.<\/p>\n\n\n\n<div style=\"height:40px\" aria-hidden=\"true\" class=\"wp-block-spacer\"><\/div>\n\n\n\n<h4 class=\"wp-block-heading\">Why is there an International Bisexuality Day?<\/h4>\n\n\n\n<p>The <strong>September 23rd is International Bisexuality Day<\/strong>which <strong>was established in 1999 by the International Lesbian, Gay, Bisexual, Trans and Intersex Association (ILGA).<\/strong>. Some of the <strong>activists who promoted the creation<\/strong> of this date were <strong>Michael Page, Gigi Raven Wilbur and Wendy Curry<\/strong>.<\/p>\n\n\n\n<p>Amnesty International explains that <strong>this date is relevant because it gives visibility to bi people, who are usually underrepresented in the media.<\/strong>. Or, <strong>are mistakenly believed to be 'confused'.<\/strong>They do not decide whether they are heterosexual or homosexual.<\/p>\n\n\n\n<p>For a company to commemorate<strong> International Bisexuality Day<\/strong> serves to <strong>to make visible and recognize bi people who are already out of the closet within the organization<\/strong>. Likewise, it functions as a <strong>support so that those who have not yet been encouraged to express it, may eventually do so. <\/strong>when they feel the time is right.<\/p>\n\n\n\n<div style=\"height:40px\" aria-hidden=\"true\" class=\"wp-block-spacer\"><\/div>\n\n\n\n<h4 class=\"wp-block-heading\">It is not a 'confusion' or 'indecision', it is a sexual orientation.<\/h4>\n\n\n\n<p><strong>A person can perform better at work if they are not thinking about what will happen if they are judged or excluded from their group because of their sexual orientation.<\/strong>. This allows <strong>to concentrate fully on his activities <\/strong>and not in a latent insecurity.<\/p>\n\n\n\n<p><strong>No one is obliged to talk about their sexual orientation at work.<\/strong>. What is important is that <strong>the company provides a safe environment<\/strong>where everyone can <strong>to make a free decision on whether to open up on this subject.<\/strong> with your team.<\/p>\n\n\n\n<div style=\"height:40px\" aria-hidden=\"true\" class=\"wp-block-spacer\"><\/div>\n\n\n\n<h4 class=\"wp-block-heading\">Here are some of the prejudices that bisexual people face<\/h4>\n\n\n\n<p><strong>Prejudice 1:<\/strong> <strong>Some people believe that bisexuality 'does not exist' or that it is just a 'confusion phase'.<\/strong> This is discriminatory because <strong>invalidates a relevant aspect of the personality<\/strong>such as sexual orientation.<\/p>\n\n\n\n<p><strong>Prejudice 2: <\/strong>Similarly, there is the <strong>belief that bisexual people have 'heterosexual privilege'.<\/strong>for <strong>may date someone of the opposite gender<\/strong>. It is necessary to eradicate this thinking, which often also exists among gays and lesbians.<\/p>\n\n\n\n<p>Beyond a privilege, <strong>bi people face prejudice from within and outside the LGBT+ population<\/strong>not everyone understands that<strong> being bisexual is very different from being gay or lesbian.<\/strong>.<\/p>\n\n\n\n<p><strong>Bias 3: Some people think that someone with this orientation will feel 50% attraction to the male gender and 50% attraction to the female gender.<\/strong> However, the <strong>bi experience varies from person to person<\/strong>; i.e, <strong>there is no one way to be bisexual<\/strong>.<\/p>\n\n\n\n<p><strong>Prejudice 4: <\/strong>Sometimes, people may immediately assume that <strong>someone is gay or lesbian if he or she presents a partner of the same gender in a work context<\/strong>. However,<strong> is still bisexual<\/strong> if it calls itself this way. <\/p>\n\n\n\n<p>For example, <strong>if a bisexual woman arrives with her girlfriend at a work event, this does not make her a lesbian.<\/strong>she still has a bi orientation. For this reason, it is always best not to assume or assume what a person's sexual orientation is.<\/p>\n\n\n\n<div style=\"height:40px\" aria-hidden=\"true\" class=\"wp-block-spacer\"><\/div>\n\n\n\n<h4 class=\"wp-block-heading\">Solutions to combat prejudice against bisexuality<\/h4>\n\n\n\n<p>A great alternative to leave behind some prejudices about bisexuality, and in general about issues related to the LGBT+ population, is to <strong>to sensitize all the company's personnel<\/strong>.<strong> This can be done with talks or trainings on these topics. ComproDiverso is dedicated to giving these types of sessions to affiliated companies.<\/strong> <a href=\"https:\/\/comprodiverso.com\/en\/affiliations\/\" target=\"_blank\" rel=\"noreferrer noopener\"><em>Contact us here for more information.<\/em><\/a><\/p>\n\n\n\n<p><strong>Another way to combat biphobia in the workplace is to value each person for the skills he or she has. <\/strong>and for measurable results in your position.<strong> Their sexual orientation is secondary<\/strong>is only a part of your personality.<\/p>\n\n\n\n<div style=\"height:40px\" aria-hidden=\"true\" class=\"wp-block-spacer\"><\/div>\n\n\n\n<h4 class=\"wp-block-heading\">Have you ever thought about the prejudices that the bisexual population usually faces?<\/h4>\n\n\n\n<p>With information from <a href=\"https:\/\/www.es.amnesty.org\/en-que-estamos\/blog\/historia\/articulo\/hoy-celebramos-el-dia-internacional-de-la-bisexualidad-1\/\" target=\"_blank\" rel=\"noreferrer noopener\">Amnesty International<\/a>, <a href=\"https:\/\/www.homosensual.com\/lgbt\/bisexuales\/ideas-falsas-sobre-lo-que-es-la-bisexualidad\/\" target=\"_blank\" rel=\"noreferrer noopener\"><em>Homosensual<\/em><\/a>, <a href=\"https:\/\/www.thepinknews.com\/2024\/08\/26\/every-single-thing-you-need-to-know-about-the-iconic-bisexual-flag-including-who-invented-it\/\" target=\"_blank\" rel=\"noreferrer noopener\"><em>PinkNews<\/em><\/a> e <a href=\"https:\/\/www.inegi.org.mx\/contenidos\/programas\/endiseg\/2021\/doc\/endiseg_2021_resultados.pdf\" target=\"_blank\" rel=\"noreferrer noopener\">Inegi<\/a><\/p>\n\n\n\n<p>Research and editing by Jos\u00e9 Manuel R\u00edos and Mildred P\u00e9rez de la Torre<\/p>","protected":false},"excerpt":{"rendered":"<p>We explain some misconceptions about bisexuality in the workplace. <\/p>","protected":false},"author":5,"featured_media":3928,"comment_status":"closed","ping_status":"closed","sticky":false,"template":"","format":"standard","meta":{"footnotes":""},"categories":[76],"tags":[70,71,72,73],"class_list":["post-3925","post","type-post","status-publish","format-standard","has-post-thumbnail","hentry","category-inclusion-laboral","tag-diversidad","tag-equidad","tag-inclusion","tag-inclusion-laboral"],"_links":{"self":[{"href":"https:\/\/comprodiverso.com\/en\/wp-json\/wp\/v2\/posts\/3925","targetHints":{"allow":["GET"]}}],"collection":[{"href":"https:\/\/comprodiverso.com\/en\/wp-json\/wp\/v2\/posts"}],"about":[{"href":"https:\/\/comprodiverso.com\/en\/wp-json\/wp\/v2\/types\/post"}],"author":[{"embeddable":true,"href":"https:\/\/comprodiverso.com\/en\/wp-json\/wp\/v2\/users\/5"}],"replies":[{"embeddable":true,"href":"https:\/\/comprodiverso.com\/en\/wp-json\/wp\/v2\/comments?post=3925"}],"version-history":[{"count":5,"href":"https:\/\/comprodiverso.com\/en\/wp-json\/wp\/v2\/posts\/3925\/revisions"}],"predecessor-version":[{"id":3977,"href":"https:\/\/comprodiverso.com\/en\/wp-json\/wp\/v2\/posts\/3925\/revisions\/3977"}],"wp:featuredmedia":[{"embeddable":true,"href":"https:\/\/comprodiverso.com\/en\/wp-json\/wp\/v2\/media\/3928"}],"wp:attachment":[{"href":"https:\/\/comprodiverso.com\/en\/wp-json\/wp\/v2\/media?parent=3925"}],"wp:term":[{"taxonomy":"category","embeddable":true,"href":"https:\/\/comprodiverso.com\/en\/wp-json\/wp\/v2\/categories?post=3925"},{"taxonomy":"post_tag","embeddable":true,"href":"https:\/\/comprodiverso.com\/en\/wp-json\/wp\/v2\/tags?post=3925"}],"curies":[{"name":"wp","href":"https:\/\/api.w.org\/{rel}","templated":true}]}}