{"id":4061,"date":"2025-09-25T21:15:41","date_gmt":"2025-09-25T21:15:41","guid":{"rendered":"https:\/\/comprodiverso.com\/?p=4061"},"modified":"2025-10-17T19:44:40","modified_gmt":"2025-10-17T19:44:40","slug":"statistics-inclusion-of-undersized-people-mexico","status":"publish","type":"post","link":"https:\/\/comprodiverso.com\/en\/labor-inclusion\/statistics-inclusion-of-undersized-people-mexico\/","title":{"rendered":"Statistics and inclusion of short statured people in Mexico"},"content":{"rendered":"<h4 class=\"wp-block-heading\">World Short People's Day (October 25) is a date that recognizes bodily diversity, rights, inclusion and equal opportunities for people living with this disability.<\/h4>\n\n\n\n<p>In a world where inclusion is still a goal, <strong>October 25, World Day of Short People, invites to reflect on the importance of respect and equity needed by this population.<\/strong>which <strong>in Mexico is legally recognized <\/strong>in the category of <strong>people living with a disability<\/strong>.<\/p>\n\n\n\n<div style=\"height:40px\" aria-hidden=\"true\" class=\"wp-block-spacer\"><\/div>\n\n\n\n<h4 class=\"wp-block-heading\">History of World Short People's Day <\/h4>\n\n\n\n<p><strong>World Undersized People's Day is October 25. <\/strong>This initiative <strong>emerged in 2013 thanks to the organization Little People of America.<\/strong>. <\/p>\n\n\n\n<p>One of the figures in which<strong> was inspired by this event <\/strong>was <strong>actor William John Bertanzetti (a.k.a. Billy Barty)<\/strong>who died on December 23, 2000. <strong>He was an undersized man who founded Little People of America. <\/strong>This association was created in 1957 and has promoted equal rights for short people in the United States.<\/p>\n\n\n\n<p>According to the Council for the Prevention and Elimination of Discrimination (Copred), <strong>this date began to be commemorated in Mexico in 2014.<\/strong>. In addition, <strong>on July 12, 2018 there was a reform that amended Article 4 of the General Law for the Inclusion of Persons with Disabilities.<\/strong>. This was done in order to<strong> including achondroplasia or short stature as a type of disability<\/strong>.<\/p>\n\n\n\n<div style=\"height:40px\" aria-hidden=\"true\" class=\"wp-block-spacer\"><\/div>\n\n\n\n<h4 class=\"wp-block-heading\">Who are considered to be undersized?<\/h4>\n\n\n\n<p>Based on data from Little People of America,<strong> short people have an adult height of 1.48 meters or less<\/strong>. In addition<strong>there are at least 400 different forms of skeletal dysplasia.<\/strong>which can affect people of short stature. However, <strong>the most common condition is achondroplasia<\/strong>.<\/p>\n\n\n\n<p>One of the relevant points on the subject of short people is the following.<strong> not see this issue from a trainer's point of view or treating them as children. <\/strong>when they become adults. <\/p>\n\n\n\n<div style=\"height:40px\" aria-hidden=\"true\" class=\"wp-block-spacer\"><\/div>\n\n\n\n<h4 class=\"wp-block-heading\">Facts about short people in Mexico<\/h4>\n\n\n\n<p>In Mexico<strong> there are about 11,000 people with short stature<\/strong> according to data that the National Human Rights Commission (CNDH) gave in 2018. However, <strong>there are no official figures supported by the National Institute of Geography and Statistics (Inegi).<\/strong>To date, there has been no census of this population group.<\/p>\n\n\n\n<p><strong>It is important for Inegi to carry out a demographic study on the short stature population in Mexico.<\/strong>The data could reveal which are the most common problems they face. In addition, <strong>would demonstrate the extent to which inclusion and equal rights are extended<\/strong> in all areas of life in the country.<\/p>\n\n\n\n<div style=\"height:40px\" aria-hidden=\"true\" class=\"wp-block-spacer\"><\/div>\n\n\n\n<h4 class=\"wp-block-heading\">Appropriate language to refer to this sector of the population.<\/h4>\n\n\n\n<p>On the other hand,<strong> the terms 'dwarf' and 'midget' are considered aggressive and pejorative <\/strong>to refer to this population.<strong> The correct way to refer to them is as short people.<\/strong>or, alternatively, only<strong> speak to them by name<\/strong>.<\/p>\n\n\n\n<div style=\"height:40px\" aria-hidden=\"true\" class=\"wp-block-spacer\"><\/div>\n\n\n\n<h4 class=\"wp-block-heading\">Employment situation of short statured people in Mexico<\/h4>\n\n\n\n<p>In the case of the labor landscape in Mexico, <strong>there are no official figures that allow us to know precisely what people of short stature are working on<\/strong>. However, if we take into account that<strong> <\/strong>to<strong> legally recognized as a type of disability<\/strong>we can use figures from Inegi for 2020: <strong>only 38% of people over 15 with a disability were economically active.<\/strong>.<\/p>\n\n\n\n<p>However, <strong>there is no data that allows us to know how many people of short stature are included in the formal sector<\/strong> of the economy. <\/p>\n\n\n\n<p>On the other hand, <strong>Jacob Zayas Garc\u00eda, representative of the Somos Peque\u00f1os Veracruz civil association, explained<\/strong> in an interview with <em>Xalapa Newspaper<\/em> in 2023 <strong>that 80% of short people are unemployed.<\/strong>.<\/p>\n\n\n\n<blockquote class=\"wp-block-quote is-layout-flow wp-block-quote-is-layout-flow\">\n<p>\"More than 80% of short people do not have a formal job, a degree, a professional development, what we seek is to eliminate discrimination, we want it to be recognized that they suffer, that they have needs.\"<\/p>\n<\/blockquote>\n\n\n\n<div style=\"height:40px\" aria-hidden=\"true\" class=\"wp-block-spacer\"><\/div>\n\n\n\n<h4 class=\"wp-block-heading\">Actions to be carried out in the work environment to achieve the inclusion of short people.<\/h4>\n\n\n\n<ul class=\"wp-block-list\">\n<li><strong>Ensuring inclusive hiring<\/strong> <strong>and with<\/strong> <strong>equal opportunity<\/strong> based on the individual's physical and intellectual abilities;<\/li>\n\n\n\n<li><strong>improving the accessibility of offices and workspaces<\/strong> for people with short stature to have <strong>mobility autonomy<\/strong>;<\/li>\n\n\n\n<li><strong>to have a universal step <\/strong>in places in the office where short people may need it;<\/li>\n\n\n\n<li>provide <strong>medical insurance and psychological support for people of short stature<\/strong>;<\/li>\n\n\n\n<li><strong>to guarantee spaces free of discrimination<\/strong> reinforced with training to raise awareness of this issue among workers.<\/li>\n<\/ul>\n\n\n\n<div style=\"height:40px\" aria-hidden=\"true\" class=\"wp-block-spacer\"><\/div>\n\n\n\n<h4 class=\"wp-block-heading\">What is the universal step and what is its relevance for short people?<\/h4>\n\n\n\n<p>The <strong>universal step<\/strong> is a<strong> platform through which short people can have equal access to certain areas of the market.<\/strong> <strong>that would normally be out of reach<\/strong>. <\/p>\n\n\n\n<p>Ideally, the Mexican Official Standard <strong>NOM-001-STPS-2008, Buildings, premises, facilities and areas in the workplace - Safety conditions.<\/strong>The standard for staircases is the standard for staircases. If we take this standard as a basis, we can conclude that<strong> a universal step needs these characteristics<\/strong>:<\/p>\n\n\n\n<ul class=\"wp-block-list\">\n<li><strong>can be one- or two-step<\/strong>;<\/li>\n\n\n\n<li>the <strong>banks<\/strong> of the <strong>steps should be rounded<\/strong>; <\/li>\n\n\n\n<li>the <strong>footprints of the steps <\/strong>in its straight sections <strong>need to have a minimum length of 25 centimeters. <\/strong>and the <strong>superelevations<\/strong> <strong>should not exceed a height of 23 centimeters.<\/strong>;<\/li>\n\n\n\n<li>must be able to <strong>support at least 50 kilograms<\/strong>;<\/li>\n\n\n\n<li><strong>can have railings on the sides <\/strong>to provide greater security;<\/li>\n\n\n\n<li>can be <strong>fixed or mobile<\/strong>.<\/li>\n<\/ul>\n\n\n\n<p>In Mexico, <strong>the initiative to have universal steps in government offices and public spaces has already been introduced in<\/strong> congresses of various states such as <strong>Sonora, Baja California, Coahuila, Michoac\u00e1n, Nayarit, Guanajuato, Quer\u00e9taro and Mexico City.<\/strong>. In addition, <strong>its implementation has already begun in Coahuila, Michoac\u00e1n, Quer\u00e9taro and Nayarit.<\/strong>.<\/p>\n\n\n\n<p>Ideally, <strong>the aim is to make these steps a reality not only in government offices, but also in shopping malls, banks, schools and in any other space. <\/strong>where people of short stature are located.<\/p>\n\n\n\n<div style=\"height:40px\" aria-hidden=\"true\" class=\"wp-block-spacer\"><\/div>\n\n\n\n<h4 class=\"wp-block-heading\">Did you know these interesting facts about short people?<\/h4>\n\n\n\n<p>Sources: Government of Mexico (<a href=\"https:\/\/www.gob.mx\/conadis\/articulos\/dia-mundial-de-las-personas-de-talla-baja\" target=\"_blank\" rel=\"noreferrer noopener\">1<\/a>, <a href=\"https:\/\/www.gob.mx\/conadis\/articulos\/el-25-de-octubre-se-recuerda-el-dia-mundial-de-las-personas-de-talla-baja-que-se-inicio-en-mexico\" target=\"_blank\" rel=\"noreferrer noopener\">2<\/a>), <a href=\"https:\/\/www.copred.cdmx.gob.mx\/comunicacion\/nota\/pronunciamiento-25-de-octubre-dia-mundial-de-las-personas-de-talla-baja-y-dia-nacional-de-personas-de-talla-baja\" target=\"_blank\" rel=\"noreferrer noopener\">Copred<\/a>, <a href=\"http:\/\/www5.diputados.gob.mx\/index.php\/esl\/Comunicacion\/Boletines\/2019\/Marzo\/05\/1189-Incluyen-a-personas-de-talla-baja-en-definicion-de-discapacidad-fisica#:~:text=Seg%C3%BAn%20datos%20de%20la%20Organizaci%C3%B3n\" target=\"_blank\" rel=\"noreferrer noopener\">CNDH<\/a>, <a href=\"https:\/\/www.inegi.org.mx\/contenidos\/saladeprensa\/aproposito\/2021\/EAP_PersDiscap21.pdf\" target=\"_blank\" rel=\"noreferrer noopener\">Inegi<\/a>, <a href=\"https:\/\/www.elfinanciero.com.mx\/opinion\/arturo-castillo\/2024\/10\/29\/6-pasos-que-mejoraran-la-vida-de-las-personas-de-talla-baja\/\"><em>El Financiero<\/em><\/a>, <a href=\"https:\/\/elmundodelderecho.com\/que-derechos-se-deben-garantizar-para-las-personas-de-talla-baja-esto-dice-la-ley\/\" target=\"_blank\" rel=\"noreferrer noopener\">The world of law<\/a>, <a href=\"https:\/\/asinom.stps.gob.mx\/upload\/noms\/Nom-001.pdf\">Ministry of Labor and Social Welfare<\/a> y <a href=\"https:\/\/sil.gobernacion.gob.mx\/Archivos\/Documentos\/2024\/01\/asun_4693333_20240117_1705528254.pdf\" target=\"_blank\" rel=\"noreferrer noopener\">Legislative Information System<\/a><\/p>\n\n\n\n<p>Research and editing by Jos\u00e9 Manuel R\u00edos and Rodrigo Hern\u00e1ndez<br><\/p>","protected":false},"excerpt":{"rendered":"<p>Learn how you can make your workspace more inclusive for people with short stature. <\/p>","protected":false},"author":5,"featured_media":4062,"comment_status":"closed","ping_status":"closed","sticky":false,"template":"","format":"standard","meta":{"footnotes":""},"categories":[76],"tags":[70,71,72,73],"class_list":["post-4061","post","type-post","status-publish","format-standard","has-post-thumbnail","hentry","category-inclusion-laboral","tag-diversidad","tag-equidad","tag-inclusion","tag-inclusion-laboral"],"_links":{"self":[{"href":"https:\/\/comprodiverso.com\/en\/wp-json\/wp\/v2\/posts\/4061","targetHints":{"allow":["GET"]}}],"collection":[{"href":"https:\/\/comprodiverso.com\/en\/wp-json\/wp\/v2\/posts"}],"about":[{"href":"https:\/\/comprodiverso.com\/en\/wp-json\/wp\/v2\/types\/post"}],"author":[{"embeddable":true,"href":"https:\/\/comprodiverso.com\/en\/wp-json\/wp\/v2\/users\/5"}],"replies":[{"embeddable":true,"href":"https:\/\/comprodiverso.com\/en\/wp-json\/wp\/v2\/comments?post=4061"}],"version-history":[{"count":4,"href":"https:\/\/comprodiverso.com\/en\/wp-json\/wp\/v2\/posts\/4061\/revisions"}],"predecessor-version":[{"id":4189,"href":"https:\/\/comprodiverso.com\/en\/wp-json\/wp\/v2\/posts\/4061\/revisions\/4189"}],"wp:featuredmedia":[{"embeddable":true,"href":"https:\/\/comprodiverso.com\/en\/wp-json\/wp\/v2\/media\/4062"}],"wp:attachment":[{"href":"https:\/\/comprodiverso.com\/en\/wp-json\/wp\/v2\/media?parent=4061"}],"wp:term":[{"taxonomy":"category","embeddable":true,"href":"https:\/\/comprodiverso.com\/en\/wp-json\/wp\/v2\/categories?post=4061"},{"taxonomy":"post_tag","embeddable":true,"href":"https:\/\/comprodiverso.com\/en\/wp-json\/wp\/v2\/tags?post=4061"}],"curies":[{"name":"wp","href":"https:\/\/api.w.org\/{rel}","templated":true}]}}