{"id":4076,"date":"2025-10-06T17:50:46","date_gmt":"2025-10-06T17:50:46","guid":{"rendered":"https:\/\/comprodiverso.com\/?p=4076"},"modified":"2025-10-13T16:27:53","modified_gmt":"2025-10-13T16:27:53","slug":"breast-cancer-work-support-and-return-to-work-after-diagnosis","status":"publish","type":"post","link":"https:\/\/comprodiverso.com\/en\/ephemerides\/breast-cancer-work-support-and-return-to-work-after-diagnosis\/","title":{"rendered":"Breast cancer: Workplace support and return to work after diagnosis"},"content":{"rendered":"<h4 class=\"wp-block-heading\">Breast cancer is a disease that affects mostly women, learn some statistics about this disease in Mexico and how you can help people to reintegrate to their working life after having it.<\/h4>\n\n\n\n<p>Meet the <strong>origin of this event<\/strong>some of the<strong> professionals who are most affected by this disease<\/strong>, <strong>preventive measures and how a company can facilitate someone's return to work <\/strong>after a diagnosis of breast cancer.<\/p>\n\n\n\n<div style=\"height:39px\" aria-hidden=\"true\" class=\"wp-block-spacer\"><\/div>\n\n\n\n<h4 class=\"wp-block-heading\">What is International Breast Cancer Day and when is it commemorated?<\/h4>\n\n\n\n<p>The <strong>October 19 marks International Breast Cancer Awareness Day<\/strong> worldwide; however, during <strong>an international awareness campaign is being carried out throughout the month.<\/strong> on this topic. This date <strong>was established in 1988 <\/strong>thanks to the World Health Organization (WHO).<\/p>\n\n\n\n<p><strong>Breast cancer is a disease that causes the cells of the mammary gland to multiply at an accelerated rate.<\/strong>which<strong> causes a tumor <\/strong>that can invade tissues close to the breast. <\/p>\n\n\n\n<p>WHO<strong> explains that the treatment to eliminate it may vary depending on how advanced the condition is.<\/strong>. Usually<strong> involves surgery to remove the tumor, radiotherapy and drug treatments.<\/strong>.<\/p>\n\n\n\n<p><strong>According to the Pan American Health Organization (PAHO), this type of cancer is the most common cancer in women worldwide. <\/strong><\/p>\n\n\n\n<p>While the disease can impact anyone, <strong>greater access to health services is common in countries with more advanced economies as compared to those with emerging markets<\/strong>. This is evidence that in some territories it will be easier to obtain treatment to eliminate this type of cancer.<\/p>\n\n\n\n<div style=\"height:39px\" aria-hidden=\"true\" class=\"wp-block-spacer\"><\/div>\n\n\n\n<h4 class=\"wp-block-heading\">Breast cancer statistics in Latin America and Mexico<\/h4>\n\n\n\n<p>Based on PAHO data, <strong>there were 220,000 new breast cancer diagnoses in Latin America and the Caribbean in 2022.<\/strong>. In addition, <strong>the mortality rate in women under 50 years of age was 21% in Latin America.<\/strong>which <strong>contrasts with a 10% from North America<\/strong>.<\/p>\n\n\n\n<p>If we move on to the <strong>data specific to Mexico<\/strong>the National Institute of Statistics and Geography (Inegi) detailed that<strong> in 2023 there were 8034 deaths from breast cancer in people over 20 years of age.<\/strong>. Specifically, the <strong>99.5% of cases occurred in women.<\/strong>. <\/p>\n\n\n\n<div style=\"height:39px\" aria-hidden=\"true\" class=\"wp-block-spacer\"><\/div>\n\n\n\n<h4 class=\"wp-block-heading\">Recommendations to reduce the risk of having breast cancer<\/h4>\n\n\n\n<p>The <strong>National Institute of Public Health (INSP) <\/strong>explains that there are <strong>three techniques effective in the early detection of breast cancer<\/strong>which are:<\/p>\n\n\n\n<ul class=\"wp-block-list\">\n<li>clinical review and assessment of risk factors by the physician;<\/li>\n\n\n\n<li>regular breast self-examination;<\/li>\n\n\n\n<li>performing a screening mammogram (screening).<\/li>\n<\/ul>\n\n\n\n<p>In addition, we recommend a <strong>monthly self-examination starting at 20 years of age<\/strong>a <strong>annual clinical examination from the age of 25<\/strong> and a <strong>mastography starting at age 40<\/strong>. The mastography is an X-ray that is used to detect nodules and cysts that are impossible to detect with a manual examination. <\/p>\n\n\n\n<figure class=\"wp-block-embed is-type-video is-provider-youtube wp-block-embed-youtube wp-embed-aspect-16-9 wp-has-aspect-ratio\"><div class=\"wp-block-embed__wrapper\">\n<iframe loading=\"lazy\" title=\"Breast cancer: SELF-EXAMINATION\" width=\"1150\" height=\"647\" src=\"https:\/\/www.youtube.com\/embed\/C0da5c1u3qs?feature=oembed\" frameborder=\"0\" allow=\"accelerometer; autoplay; clipboard-write; encrypted-media; gyroscope; picture-in-picture; web-share\" referrerpolicy=\"strict-origin-when-cross-origin\" allowfullscreen><\/iframe>\n<\/div><\/figure>\n\n\n\n<p>The culture of prevention is very important, which is why it is important to<strong> a healthy lifestyle and habits are recommended.<\/strong>. Some of the suggestions are:<\/p>\n\n\n\n<ul class=\"wp-block-list\">\n<li><strong>not smoking and moderating alcohol consumption<\/strong>;<\/li>\n\n\n\n<li>have a <strong>balanced diet<\/strong>;<\/li>\n\n\n\n<li><strong>consume folic acid<\/strong>;<\/li>\n\n\n\n<li>make <strong>physical activity<\/strong> at least 30 minutes a day.<\/li>\n<\/ul>\n\n\n\n<div style=\"height:39px\" aria-hidden=\"true\" class=\"wp-block-spacer\"><\/div>\n\n\n\n<h4 class=\"wp-block-heading\">Can breast cancer strike men?<\/h4>\n\n\n\n<p><strong>This disease is uncommon in men; however, there are reported cases. <\/strong>Inegi reported that the <strong>breast cancer incidence in 2019 was 0.42 new cases per 100 000 men aged 20 years and older.<\/strong>.<\/p>\n\n\n\n<p>However,<strong> there is no updated data on how many cases there were in 2023.<\/strong>The year that was taken as the reference year to obtain the information on women. Another variant to consider is that<strong> Inegi does not differentiate whether it happened with cisgender or transgender men.<\/strong>. <\/p>\n\n\n\n<p>On the other hand, <strong>we do have the mortality rate for breast cancer in men over 20 years of age up to 2023.<\/strong>This represented the <strong>0.5% of the deaths in Mexico; that is, 42 persons<\/strong>.<\/p>\n\n\n\n<p>Some of the<strong> risk factors<\/strong> <strong>that increase the likelihood of developing breast cancer in men<\/strong> include:<\/p>\n\n\n\n<ul class=\"wp-block-list\">\n<li>have <strong>family history of breast cancer<\/strong>;<\/li>\n\n\n\n<li><strong>having used estrogen-containing drugs <\/strong>to fight prostate cancer;<\/li>\n\n\n\n<li><strong>having received radiotherapy to the thorax<\/strong>;<\/li>\n\n\n\n<li><strong>having Klinefelter's syndrome<\/strong>The body can cause the body to produce higher levels of estrogen and lower levels of androgens;<\/li>\n\n\n\n<li><strong>have liver disease<\/strong> (cirrhosis can decrease androgen levels and increase estrogen levels).<\/li>\n<\/ul>\n\n\n\n<div style=\"height:39px\" aria-hidden=\"true\" class=\"wp-block-spacer\"><\/div>\n\n\n\n<h4 class=\"wp-block-heading\">How to improve the return to work of someone who had breast cancer?<\/h4>\n\n\n\n<p>The <strong>The Spanish National Institute of Occupational Safety and Health (INSST) has produced a guide to <\/strong>for the <strong>return to work after breast cancer diagnosis<\/strong>. Some of the most noteworthy points with which a company can support are:<\/p>\n\n\n\n<ul class=\"wp-block-list\">\n<li><strong>making adjustments to working conditions<\/strong>The design of the job, tasks, working hours and reduction of stress factors;<\/li>\n\n\n\n<li>develop <strong>health prevention activities <\/strong>in the workplace;<\/li>\n\n\n\n<li><strong>do not neglect emotional health and psychological support. <\/strong>after the experience of this disease; <\/li>\n\n\n\n<li><strong>to promote the return to work activities when the person is physically and mentally healthy<\/strong>.<\/li>\n<\/ul>\n\n\n\n<div style=\"height:39px\" aria-hidden=\"true\" class=\"wp-block-spacer\"><\/div>\n\n\n\n<h4 class=\"wp-block-heading\">Occupations that have a higher risk of having breast cancer<\/h4>\n\n\n\n<p>The National Epidemiology Center of the Carlos III Institute of Health in Madrid (Spain) compared several epidemiological studies from 1993 to 2000, in order to find out if <strong>there were occupations that implied a higher risk of developing breast cancer in women<\/strong>. <\/p>\n\n\n\n<p>The origin of the studies was from various countries such as the United States, Canada, Italy, Denmark, the United Kingdom, China and Puerto Rico. <\/p>\n\n\n\n<p>The results concluded that<strong> secretaries, teachers, hairdressers and workers in the health care, pharmaceutical, chemical and telecommunications industries<\/strong> <strong>have an increased risk of developing breast cancer<\/strong>.<\/p>\n\n\n\n<p>However, the article states that <strong>there were some limitations to the analysis<\/strong>:<\/p>\n\n\n\n<blockquote class=\"wp-block-quote is-layout-flow wp-block-quote-is-layout-flow\">\n<p>\"In many of the studies reviewed it was not possible to take into account hormonal and reproductive factors or the strong influence of socioeconomic status, aspects that are also interrelated. Both would explain the excess risk observed in some of the occupations mentioned, as well as the high incidence among executives, professionals and women with social and religious work\".<\/p>\n<\/blockquote>\n\n\n\n<div style=\"height:39px\" aria-hidden=\"true\" class=\"wp-block-spacer\"><\/div>\n\n\n\n<h4 class=\"wp-block-heading\">Did you know these prevention measures and facts about breast cancer?<\/h4>\n\n\n\n<p>With information from <a href=\"https:\/\/www.inegi.org.mx\/contenidos\/saladeprensa\/aproposito\/2024\/EAP_LuchaCMama24.pdf\" target=\"_blank\" rel=\"noreferrer noopener\">Inegi<\/a>Government of Mexico (<a href=\"https:\/\/www.gob.mx\/sep\/articulos\/dia-mundial-contra-el-cancer-de-mama\" target=\"_blank\" rel=\"noreferrer noopener\">1<\/a>, <a href=\"https:\/\/www.gob.mx\/profeco\/articulos\/mes-de-sensibilizacion-sobre-el-cancer-de-mama-223009\" target=\"_blank\" rel=\"noreferrer noopener\">2<\/a> y <a href=\"https:\/\/www.gob.mx\/imss\/articulos\/hombres-cuidense-del-cancer-de-mama?idiom=es\" target=\"_blank\" rel=\"noreferrer noopener\">3<\/a>), <em><a href=\"https:\/\/gacetasanitaria.org\/es-pdf-13032877\" target=\"_blank\" rel=\"noreferrer noopener\">Health Gazette<\/a><\/em>, <a href=\"https:\/\/www.paho.org\/es\/temas\/cancer-mama\" target=\"_blank\" rel=\"noreferrer noopener\">OPS<\/a>, <a href=\"https:\/\/www.insp.mx\/avisos\/19-de-octubre-dia-mundial-contra-el-cancer-de-mama\" target=\"_blank\" rel=\"noreferrer noopener\">INSP<\/a>, <a href=\"https:\/\/www.ilo.org\/sites\/default\/files\/wcmsp5\/groups\/public\/@ed_protect\/@protrav\/@safework\/documents\/instructionalmaterial\/wcms_329170.pdf\" target=\"_blank\" rel=\"noreferrer noopener\">ILO<\/a>, <a href=\"https:\/\/www.who.int\/es\/news-room\/fact-sheets\/detail\/breast-cancer\" target=\"_blank\" rel=\"noreferrer noopener\">WHO<\/a> e <a href=\"https:\/\/www.insst.es\/documents\/94886\/5326464\/Retorno+al+trabajo+tras+diagn%C3%B3stico+de+c%C3%A1ncer+de+mama+Factores+facilitadores+y+barreras+2023.pdf\/c080c270-9cf5-c503-f48b-48954f3c194e?t=1697647631904\" target=\"_blank\" rel=\"noreferrer noopener\">INSST<\/a><\/p>\n\n\n\n<p>Research and editing by Jos\u00e9 Manuel R\u00edos, Rodrigo Hern\u00e1ndez and Mildred P\u00e9rez de la Torre<\/p>\n\n\n\n<figure class=\"wp-block-image\"><img loading=\"lazy\" decoding=\"async\" width=\"1920\" height=\"1080\" src=\"https:\/\/comprodiverso.com\/wp-content\/uploads\/2025\/09\/dia-internacional-lucha-cancer-de-mama.jpg\" alt=\"International Breast Cancer Awareness Day work how to support reintegration into the workforce\" class=\"wp-image-4077\" srcset=\"https:\/\/comprodiverso.com\/wp-content\/uploads\/2025\/09\/dia-internacional-lucha-cancer-de-mama.jpg 1920w, https:\/\/comprodiverso.com\/wp-content\/uploads\/2025\/09\/dia-internacional-lucha-cancer-de-mama-300x169.jpg 300w, https:\/\/comprodiverso.com\/wp-content\/uploads\/2025\/09\/dia-internacional-lucha-cancer-de-mama-1024x576.jpg 1024w, https:\/\/comprodiverso.com\/wp-content\/uploads\/2025\/09\/dia-internacional-lucha-cancer-de-mama-768x432.jpg 768w, https:\/\/comprodiverso.com\/wp-content\/uploads\/2025\/09\/dia-internacional-lucha-cancer-de-mama-1536x864.jpg 1536w, https:\/\/comprodiverso.com\/wp-content\/uploads\/2025\/09\/dia-internacional-lucha-cancer-de-mama-18x10.jpg 18w\" sizes=\"auto, (max-width: 1920px) 100vw, 1920px\" \/><figcaption class=\"wp-element-caption\">We explain how a company or organization can help a person return to work after having breast cancer \/ Photo: Pexels<\/figcaption><\/figure>","protected":false},"excerpt":{"rendered":"<p>Find out how a company can help a person who has had breast cancer return to work.<\/p>","protected":false},"author":5,"featured_media":4077,"comment_status":"closed","ping_status":"closed","sticky":false,"template":"","format":"standard","meta":{"footnotes":""},"categories":[80],"tags":[73],"class_list":["post-4076","post","type-post","status-publish","format-standard","has-post-thumbnail","hentry","category-efemerides","tag-inclusion-laboral"],"_links":{"self":[{"href":"https:\/\/comprodiverso.com\/en\/wp-json\/wp\/v2\/posts\/4076","targetHints":{"allow":["GET"]}}],"collection":[{"href":"https:\/\/comprodiverso.com\/en\/wp-json\/wp\/v2\/posts"}],"about":[{"href":"https:\/\/comprodiverso.com\/en\/wp-json\/wp\/v2\/types\/post"}],"author":[{"embeddable":true,"href":"https:\/\/comprodiverso.com\/en\/wp-json\/wp\/v2\/users\/5"}],"replies":[{"embeddable":true,"href":"https:\/\/comprodiverso.com\/en\/wp-json\/wp\/v2\/comments?post=4076"}],"version-history":[{"count":5,"href":"https:\/\/comprodiverso.com\/en\/wp-json\/wp\/v2\/posts\/4076\/revisions"}],"predecessor-version":[{"id":4145,"href":"https:\/\/comprodiverso.com\/en\/wp-json\/wp\/v2\/posts\/4076\/revisions\/4145"}],"wp:featuredmedia":[{"embeddable":true,"href":"https:\/\/comprodiverso.com\/en\/wp-json\/wp\/v2\/media\/4077"}],"wp:attachment":[{"href":"https:\/\/comprodiverso.com\/en\/wp-json\/wp\/v2\/media?parent=4076"}],"wp:term":[{"taxonomy":"category","embeddable":true,"href":"https:\/\/comprodiverso.com\/en\/wp-json\/wp\/v2\/categories?post=4076"},{"taxonomy":"post_tag","embeddable":true,"href":"https:\/\/comprodiverso.com\/en\/wp-json\/wp\/v2\/tags?post=4076"}],"curies":[{"name":"wp","href":"https:\/\/api.w.org\/{rel}","templated":true}]}}