{"id":3017,"date":"2025-07-04T16:46:32","date_gmt":"2025-07-04T16:46:32","guid":{"rendered":"https:\/\/comprodiverso.com\/?p=3017"},"modified":"2025-07-15T20:10:42","modified_gmt":"2025-07-15T20:10:42","slug":"test-en-verdad-soy-un-aliado-lgbt","status":"publish","type":"post","link":"https:\/\/comprodiverso.com\/es\/inclusion-laboral\/test-en-verdad-soy-un-aliado-lgbt\/","title":{"rendered":"Test: \u00bfEn verdad soy un aliado LGBT+?"},"content":{"rendered":"\n<h4 class=\"wp-block-heading\">Si crees ser un aliado de la poblaci\u00f3n LGBT+, este <em>test<\/em> te ayudar\u00e1 a darte cuenta de qu\u00e9 tanto eres una persona que respeta y apoya los derechos de aquellos pertenecientes a la diversidad sexual.<\/h4>\n\n\n\n<p>Ya sea que hablemos de un entorno laboral, escolar o social,<strong> existen personas que son cercanas a la poblaci\u00f3n LGBT+ gracias a su apoyo<\/strong>, si quieres ponerte a prueba para descubrir <strong>qu\u00e9 tan aliado eres con la poblaci\u00f3n de la diversidad sexual, aqu\u00ed tenemos el <em>test<\/em> perfecto<\/strong>.<\/p>\n\n\n\n<p>Es com\u00fan que existan <strong>falsos aliados<\/strong> que \u00fanicamente en discurso suelen ser abiertos con estos temas, pero a la hora de las acciones, sus comportamientos son otros. \u00bfT\u00fa c\u00f3mo te consideras?<\/p>\n\n\n\n<div class=\"interact_responsive_padding\" style=\"padding:180% 0 0 0;position:relative;margin-bottom:5px;\"><div class=\"interact_responsive_wrapper\" style=\"height:100%;left:0;position:absolute;top:0;width:100%;\"><iframe loading=\"lazy\" id=\"interactApp62d1c10e10b9720018f5af58\" width=\"100%\" height=\"100%\" style=\"border:none;max-width:100%;margin:0;\" allowTransparency=\"true\" frameborder=\"0\" src=\"https:\/\/quiz.tryinteract.com\/#\/62d1c10e10b9720018f5af58?method=iframe\"><\/iframe><\/div><\/div>\n\n\n\n<h4 class=\"wp-block-heading has-text-align-left\">\u00bfC\u00f3mo te fue en este <em>test<\/em> para descubrir si eres un aliado LGBT+?<\/h4>\n\n\n\n<p>El <strong>primero de los resultados era que, en efecto, eres un aliado LGBT+<\/strong>. Si te sali\u00f3 esto es porque eres una<strong> persona que est\u00e1 familiarizada con la poblaci\u00f3n diversa y, aunque no formes parte de ella, eres alguien que defiende a sus integrantes<\/strong>.<\/p>\n\n\n\n<p>Crees en la <strong>igualdad<\/strong> <strong>de derechos<\/strong>. Por otro lado, sabes que el respeto es primordial y <strong>todes merecen el mismo trato<\/strong>. <\/p>\n\n\n\n<p>El segundo de los resultados era para quienes<strong> conocen un poco sobre la poblaci\u00f3nLGBT+, pero a\u00fan les falta camino por recorrer para ser aliados<\/strong>. Las personas que sacaron esta opci\u00f3n es porque <strong>cada vez tienen m\u00e1s apertura para hablar sobre temas de diversidad<\/strong>. Sin embargo, a\u00fan <strong>hay algunas conductas que les podr\u00edan hacer m\u00e1s incluyentes<\/strong>.<\/p>\n\n\n\n<p>No olvides que <strong>respetar los pronombres<\/strong> de las dem\u00e1s personas y darles respaldo en momentos que lo necesiten es de gran relevancia. <\/p>\n\n\n\n<p>Por \u00faltimo, <strong>el tercer resultado era para quienes tienen resistencia a hablar sobre temas de diversidad sexual<\/strong>. Si obtuviste esto, es bueno que recuerdes que depende de todas las personas hacer un mundo m\u00e1s amable.<\/p>\n\n\n\n<p><strong>No cuesta nada respetar a la gente que es distinta a ti. Lo genial de sacar este resultado es que siempre es buen momento para comenzar a abrir la mente. <\/strong>Quiz\u00e1 en un tiempo te conviertas en un gran aliado LGBT+. <\/p>\n\n\n\n<div style=\"height:40px\" aria-hidden=\"true\" class=\"wp-block-spacer\"><\/div>\n\n\n\n<h4 class=\"wp-block-heading has-text-align-left\">Si no obtuviste el resultado que esperabas, recuerda que siempre puedes estar una acci\u00f3n m\u00e1s cerca de ser un gran aliado.<\/h4>\n\n\n\n<p>Texto elaborado por Jos\u00e9 Manuel R\u00edos<\/p>\n","protected":false},"excerpt":{"rendered":"<p>Este test te ayudar\u00e1 a darte cuenta de si eres una persona aliada LGBT+ o cu\u00e1nto te falta para serlo verdaderamente.<\/p>\n","protected":false},"author":5,"featured_media":3022,"comment_status":"open","ping_status":"open","sticky":false,"template":"","format":"standard","meta":{"footnotes":""},"categories":[76],"tags":[75,70,71,72,73,74],"class_list":["post-3017","post","type-post","status-publish","format-standard","has-post-thumbnail","hentry","category-inclusion-laboral","tag-aliado-lgbt","tag-diversidad","tag-equidad","tag-inclusion","tag-inclusion-laboral","tag-test"],"_links":{"self":[{"href":"https:\/\/comprodiverso.com\/es\/wp-json\/wp\/v2\/posts\/3017","targetHints":{"allow":["GET"]}}],"collection":[{"href":"https:\/\/comprodiverso.com\/es\/wp-json\/wp\/v2\/posts"}],"about":[{"href":"https:\/\/comprodiverso.com\/es\/wp-json\/wp\/v2\/types\/post"}],"author":[{"embeddable":true,"href":"https:\/\/comprodiverso.com\/es\/wp-json\/wp\/v2\/users\/5"}],"replies":[{"embeddable":true,"href":"https:\/\/comprodiverso.com\/es\/wp-json\/wp\/v2\/comments?post=3017"}],"version-history":[{"count":5,"href":"https:\/\/comprodiverso.com\/es\/wp-json\/wp\/v2\/posts\/3017\/revisions"}],"predecessor-version":[{"id":3155,"href":"https:\/\/comprodiverso.com\/es\/wp-json\/wp\/v2\/posts\/3017\/revisions\/3155"}],"wp:featuredmedia":[{"embeddable":true,"href":"https:\/\/comprodiverso.com\/es\/wp-json\/wp\/v2\/media\/3022"}],"wp:attachment":[{"href":"https:\/\/comprodiverso.com\/es\/wp-json\/wp\/v2\/media?parent=3017"}],"wp:term":[{"taxonomy":"category","embeddable":true,"href":"https:\/\/comprodiverso.com\/es\/wp-json\/wp\/v2\/categories?post=3017"},{"taxonomy":"post_tag","embeddable":true,"href":"https:\/\/comprodiverso.com\/es\/wp-json\/wp\/v2\/tags?post=3017"}],"curies":[{"name":"wp","href":"https:\/\/api.w.org\/{rel}","templated":true}]}}