{"id":3104,"date":"2025-07-14T16:25:18","date_gmt":"2025-07-14T16:25:18","guid":{"rendered":"https:\/\/comprodiverso.com\/?p=3104"},"modified":"2025-07-15T20:10:00","modified_gmt":"2025-07-15T20:10:00","slug":"dia-internacional-de-las-personas-no-binarias-14-de-julio","status":"publish","type":"post","link":"https:\/\/comprodiverso.com\/es\/efemerides\/dia-internacional-de-las-personas-no-binarias-14-de-julio\/","title":{"rendered":"D\u00eda Internacional de las Personas No Binarias (14 de julio)"},"content":{"rendered":"\n<h4 class=\"wp-block-heading\">Para conocer y celebrar el 14 de julio como el D\u00eda Internacional de las Personas No Binarias te damos estos datos sobre este sector de la poblaci\u00f3n y lo que tienes que tomar en cuenta.<\/h4>\n\n\n\n<p>Conocido tambi\u00e9n como el <strong>D\u00eda Internacional de la Visibilidad No Binaria<\/strong>, el <strong>14 de julio se conmemora el D\u00eda Internacional de las Personas No Binarias <\/strong>desde el 2012, de acuerdo con la Asociaci\u00f3n Familias Diversas Argentina (AFDA). La selecci\u00f3n de esta fecha corresponde al periodo intermedio entre el <strong>D\u00eda Internacional de la Mujer<\/strong> (<strong>8 de marzo<\/strong>) y el <strong>D\u00eda Internacional del Hombre<\/strong> (<strong>19 de noviembre<\/strong>).<\/p>\n\n\n\n<p><strong>Una persona no binaria no se siente identificada con su g\u00e9nero asignado al nacer. <\/strong>En ese sentido,<strong> \u2018no binario\u2019 es un t\u00e9rmino paraguas bajo el cual existen diferentes identidades de g\u00e9nero<\/strong>.<\/p>\n\n\n\n<div style=\"height:40px\" aria-hidden=\"true\" class=\"wp-block-spacer\"><\/div>\n\n\n\n<h4 class=\"wp-block-heading\">\u00bfQu\u00e9 significa ser una persona no binaria?<\/h4>\n\n\n\n<p><strong>\u2018Persona no binaria\u2019, \u2018de g\u00e9nero no binario\u2019 o \u2018no binarie\u2019<\/strong><strong><em> <\/em><\/strong><strong>son t\u00e9rminos paraguas que se utilizan para describir las identidades que se salen del binarismo de g\u00e9nero. <\/strong>En otras palabras, no se identifican ni como hombre ni como mujer. Este <strong>conjunto de identidades est\u00e1 tambi\u00e9n bajo el espectro de las identidades trans<\/strong>.<\/p>\n\n\n\n<p><strong>Ser una persona no binaria significa cuestionar y quebrar cotidianamente el sistema binario de g\u00e9nero y el determinismo biol\u00f3gico.<\/strong> Por tal motivo, la importancia de esta fecha deriva de las consignas a partir de las cuales las personas no binarias recuerdan que los sistemas de identificaci\u00f3n y pensamiento son insuficientes para reivindicar su existencia.&nbsp;<\/p>\n\n\n\n<p>Tal y como lo explica <strong>Lou Himes<\/strong> \u2014quien es especialista en Psicolog\u00eda y se identifica como persona no binaria\u2014, <strong>los individuos no binarios no operan en sistemas socialmente construidos en los que se privilegia la idea de que solo hay dos categor\u00edas de experiencia de g\u00e9nero<\/strong>.<\/p>\n\n\n\n<p>Ser una persona no binaria puede expresarse de formas tan diversas como humanos hay en el mundo; por ejemplo, como <strong>g\u00e9nero fluido<\/strong>,<strong> ag\u00e9nero<\/strong> o <strong><em>genderqueer<\/em><\/strong><em>. <\/em>Existen otras personas que se sienten siempre <strong>en medio del espectro<\/strong> y otras lo experimentan m\u00e1s como una <strong>mezcla entre masculino y femenino<\/strong>. Adem\u00e1s, <strong>algunas se sienten m\u00e1s c\u00f3modas en un extremo del binarismo que en otro<\/strong>.<\/p>\n\n\n\n<div style=\"height:40px\" aria-hidden=\"true\" class=\"wp-block-spacer\"><\/div>\n\n\n\n<h4 class=\"wp-block-heading\">El lenguaje es un elemento importante en la visibilizaci\u00f3n de las personas no binarias<\/h4>\n\n\n\n<p>El doctor <strong>C\u00e9sar Torres Cruz<\/strong> (<strong>Centro de Investigaciones y Estudios de G\u00e9nero, UNAM<\/strong>) expresa que<strong> la postura de las personas no binarias \u00abva m\u00e1s all\u00e1 de la vestimenta\u00bb<\/strong>. <strong>Las identidades no binarias se reivindican a trav\u00e9s del uso pol\u00edtico del lenguaje.<\/strong><\/p>\n\n\n\n<p>Especialistas como el ling\u00fcista <strong>Santiago Kalinowsky<\/strong> (Academia Argentina de Letras), la profesora de Lengua y Literatura <strong>Romina Mc Cormack<\/strong> y la periodista <strong>Florencia Alcaraz<\/strong> se\u00f1alan que <strong>el lenguaje no binario es una \u00abintervenci\u00f3n del discurso p\u00fablico\u00bb<\/strong>.&nbsp;<\/p>\n\n\n\n<p>Adem\u00e1s de \u00abcrear conciencia de la persistencia de una injusticia social\u00bb, visibiliza estrategias ling\u00fc\u00edsticas para evitar caer en expresiones racistas, mis\u00f3ginas, clasistas, xen\u00f3fobas y capacitistas.<\/p>\n\n\n\n<p>En ese sentido, una de las manifestaciones ling\u00fc\u00edsticas que muestran la importancia de la reivindicaci\u00f3n de un lenguaje no binario es la <strong>malgenerizaci\u00f3n, entendida como la acci\u00f3n violenta y usualmente intencionada de negar la identidad de g\u00e9nero de una persona<\/strong>.<strong> <\/strong>Esta se puede manifestar a trav\u00e9s del <strong>uso incorrecto de los pronombres<\/strong> o en la negaci\u00f3n a reconocer el nombre de pila con la que una persona se siente c\u00f3moda. Esta negaci\u00f3n <strong>es de las violencias m\u00e1s cotidianas para quienes no se identifican, reconocen o pronuncian pol\u00edticamente con el binarismo de g\u00e9nero<\/strong>.<\/p>\n\n\n\n<div style=\"height:40px\" aria-hidden=\"true\" class=\"wp-block-spacer\"><\/div>\n\n\n\n<h4 class=\"wp-block-heading\">\u00bfPor qu\u00e9 es importante visibilizar a las personas no binarias?<\/h4>\n\n\n\n<p>La<strong> importancia del D\u00eda Internacional de las Personas No Binarias recae en la lucha que ha protagonizado este sector de la poblaci\u00f3n para exigir su reconocimiento material<\/strong>, pues <strong>manifiesta su derecho a contar con documentaci\u00f3n oficial que les valide como parte de una ciudadan\u00eda<\/strong>.&nbsp;<\/p>\n\n\n\n<p><strong>M\u00e9xico es uno de los pa\u00edses de Am\u00e9rica Latina donde el reconocimiento de la identidad no binaria es un hecho a trav\u00e9s de documentos<\/strong> como la <strong>CURP, el acta de nacimiento, el pasaporte y la credencial para votar<\/strong>. Si bien la forma de manifestar que se trata de una identidad no binaria a\u00fan es tema de debate y susceptible a mejoras que representen mejor los deseos de la poblaci\u00f3n, es una realidad que una persona no binaria puede acceder a la modificaci\u00f3n de sus documentos oficiales.<\/p>\n\n\n\n<p>Una de las batallas m\u00e1s importantes de las personas no binarias tiene que ver con el <strong>respeto a su identidad en el \u00e1mbito educativo y laboral<\/strong>. Cada vez son m\u00e1s quienes le exigen a sus universidades y centros de trabajo que aparezca la <strong>opci\u00f3n de persona no binaria en sus documentos<\/strong> <strong>internos<\/strong>.<\/p>\n\n\n\n<div style=\"height:40px\" aria-hidden=\"true\" class=\"wp-block-spacer\"><\/div>\n\n\n\n<h4 class=\"wp-block-heading\">S\u00edmbolos para conocer a la poblaci\u00f3n no binaria<\/h4>\n\n\n\n<p>La bandera no binaria fue dise\u00f1ada en 2014 por <strong>Kye Rowan con la finalidad de contar con un s\u00edmbolo propio para delimitar las particularidades entre las personas que se identifican como no binarias<\/strong>. Sus colores y significados son:<\/p>\n\n\n\n<ul class=\"wp-block-list\">\n<li>amarillo (personas que no se identifican o asumen dentro de un sistema binario);<\/li>\n\n\n\n<li>blanco (para agrupar a las personas que se asumen como varios o todos los g\u00e9neros);<\/li>\n\n\n\n<li>morado (alusi\u00f3n a quienes est\u00e1n en alg\u00fan lugar entre lo masculino, femenino o mezcla de ambos);<\/li>\n\n\n\n<li>negro (personas que no se asumen bajo ning\u00fan g\u00e9nero).<\/li>\n<\/ul>\n\n\n\n<div style=\"height:40px\" aria-hidden=\"true\" class=\"wp-block-spacer\"><\/div>\n\n\n\n<h4 class=\"wp-block-heading\">Ahora tienes los elementos b\u00e1sicos para dimensionar la importancia del D\u00eda Internacional de las Personas No Binarias.<\/h4>\n\n\n\n<p>Fuentes: <em><a href=\"https:\/\/www.gaceta.unam.mx\/el-genero-no-binario-exige-ser-reconocido\/\" data-type=\"link\" data-id=\"https:\/\/www.gaceta.unam.mx\/el-genero-no-binario-exige-ser-reconocido\/\" target=\"_blank\" rel=\"noreferrer noopener\">Gaceta UNAM<\/a><\/em>, <em>Homosensual<\/em> (<a href=\"https:\/\/www.homosensual.com\/lgbt\/diversidad\/que-es-ser-una-persona-trans-no-binaria\/\" data-type=\"link\" data-id=\"https:\/\/www.homosensual.com\/lgbt\/diversidad\/que-es-ser-una-persona-trans-no-binaria\/\" target=\"_blank\" rel=\"noreferrer noopener\">1<\/a> y <a href=\"https:\/\/www.homosensual.com\/lgbt\/diversidad\/formas-malgenerizacion-misgendering-afecta-salud-mental\/\" data-type=\"link\" data-id=\"https:\/\/www.homosensual.com\/lgbt\/diversidad\/formas-malgenerizacion-misgendering-afecta-salud-mental\/\" target=\"_blank\" rel=\"noreferrer noopener\">2<\/a>) y <em><a href=\"https:\/\/www.mispronombrescuentan.org\/docs\/Guia_NB_Sheets.pdf\" data-type=\"link\" data-id=\"https:\/\/www.mispronombrescuentan.org\/docs\/Guia_NB_Sheets.pdf\" target=\"_blank\" rel=\"noreferrer noopener\">Gu\u00eda de lenguaje para la inclusi\u00f3n de personas no binaries<\/a><\/em><\/p>\n\n\n\n<p><\/p>\n","protected":false},"excerpt":{"rendered":"<p>Para celebrar y reconocer la existencia de este sector de la poblaci\u00f3n, presentamos los datos sobre el D\u00eda Internacional de las Personas No Binarias.<\/p>\n","protected":false},"author":2,"featured_media":3107,"comment_status":"closed","ping_status":"open","sticky":false,"template":"","format":"standard","meta":{"footnotes":""},"categories":[80],"tags":[70,71,72],"class_list":["post-3104","post","type-post","status-publish","format-standard","has-post-thumbnail","hentry","category-efemerides","tag-diversidad","tag-equidad","tag-inclusion"],"_links":{"self":[{"href":"https:\/\/comprodiverso.com\/es\/wp-json\/wp\/v2\/posts\/3104","targetHints":{"allow":["GET"]}}],"collection":[{"href":"https:\/\/comprodiverso.com\/es\/wp-json\/wp\/v2\/posts"}],"about":[{"href":"https:\/\/comprodiverso.com\/es\/wp-json\/wp\/v2\/types\/post"}],"author":[{"embeddable":true,"href":"https:\/\/comprodiverso.com\/es\/wp-json\/wp\/v2\/users\/2"}],"replies":[{"embeddable":true,"href":"https:\/\/comprodiverso.com\/es\/wp-json\/wp\/v2\/comments?post=3104"}],"version-history":[{"count":4,"href":"https:\/\/comprodiverso.com\/es\/wp-json\/wp\/v2\/posts\/3104\/revisions"}],"predecessor-version":[{"id":3153,"href":"https:\/\/comprodiverso.com\/es\/wp-json\/wp\/v2\/posts\/3104\/revisions\/3153"}],"wp:featuredmedia":[{"embeddable":true,"href":"https:\/\/comprodiverso.com\/es\/wp-json\/wp\/v2\/media\/3107"}],"wp:attachment":[{"href":"https:\/\/comprodiverso.com\/es\/wp-json\/wp\/v2\/media?parent=3104"}],"wp:term":[{"taxonomy":"category","embeddable":true,"href":"https:\/\/comprodiverso.com\/es\/wp-json\/wp\/v2\/categories?post=3104"},{"taxonomy":"post_tag","embeddable":true,"href":"https:\/\/comprodiverso.com\/es\/wp-json\/wp\/v2\/tags?post=3104"}],"curies":[{"name":"wp","href":"https:\/\/api.w.org\/{rel}","templated":true}]}}