{"id":3112,"date":"2025-07-15T20:07:39","date_gmt":"2025-07-15T20:07:39","guid":{"rendered":"https:\/\/comprodiverso.com\/?p=3112"},"modified":"2025-07-17T23:10:14","modified_gmt":"2025-07-17T23:10:14","slug":"dia-internacional-del-drag-16-de-julio","status":"publish","type":"post","link":"https:\/\/comprodiverso.com\/es\/efemerides\/dia-internacional-del-drag-16-de-julio\/","title":{"rendered":"D\u00eda Internacional del Drag (16 de julio)"},"content":{"rendered":"\n<h4 class=\"wp-block-heading\">Al ser una expresi\u00f3n art\u00edstica relevante para la poblaci\u00f3n LGBT+, estos son algunos datos fundamentales sobre el D\u00eda Internacional del <em>Drag<\/em>.<\/h4>\n\n\n\n<p>El <strong>D\u00eda Internacional del<em> Drag<\/em> ocurre cada 16 de julio desde 2009<\/strong> para celebrar la <strong>relevancia que tiene este arte entre la poblaci\u00f3n LGBT+ y fuera de ella<\/strong>.<\/p>\n\n\n\n<p>Esta<strong> expresi\u00f3n art\u00edstica consiste en crear un personaje \u00fanico, el cual permite explorar y cuestionar el g\u00e9nero<\/strong>.<strong> <\/strong>No existen reglas: algunos practicantes centran su arte en un <strong>maquillaje muy elaborado, otros se enfocan en los atuendos de fantas\u00eda y tambi\u00e9n existen aquellos que prefieren los conceptos m\u00e1s alternativos<\/strong>.&nbsp;<\/p>\n\n\n\n<p>El <strong><em>drag<\/em><\/strong><strong> tiene un impacto para la poblaci\u00f3n diversa, aunque tambi\u00e9n<\/strong> <strong>es realizado por personas heterosexuales o cisg\u00e9nero<\/strong>.<\/p>\n\n\n\n<div style=\"height:40px\" aria-hidden=\"true\" class=\"wp-block-spacer\"><\/div>\n\n\n\n<h4 class=\"wp-block-heading\">\u00bfPor qu\u00e9 se conmemora el D\u00eda Internacional del <em>Drag<\/em>?<\/h4>\n\n\n\n<p><strong>Creado por Adam Stewart<\/strong>, un fan\u00e1tico de este arte,<strong> este d\u00eda sirve para impulsar a artistas en todo el mundo<\/strong>. En palabras de Stewart para <em>Guide to gay,<\/em><strong><em> <\/em>\u00abcada pa\u00eds tiene sus propias ideas y cualidades de c\u00f3mo debe ser, verse y actuar un artista <em>drag<\/em>\u00bb<\/strong>, por lo que el objetivo del D\u00eda Internacional del<em> Drag <\/em>es <strong>reunir a estos diferentes tipos de artistas y ponerles en el centro de atenci\u00f3n<\/strong>, \u00abespecialmente a los <em>drag kings<\/em>, que hasta cierto punto han estado fuera del foco de atenci\u00f3n\u00bb.<\/p>\n\n\n\n<div style=\"height:40px\" aria-hidden=\"true\" class=\"wp-block-spacer\"><\/div>\n\n\n\n<h4 class=\"wp-block-heading\">La relevancia social y cultural del <em>drag<\/em><\/h4>\n\n\n\n<p>Este d\u00eda nos permite<strong> reflexionar cu\u00e1l es el papel de este arte en la sociedad<\/strong>. Por supuesto, <strong>para muchos, el <\/strong><strong><em>drag<\/em><\/strong><strong> \u00fanicamente se traduce en entretenimiento en vivo y <\/strong><strong><em>reality shows<\/em><\/strong> (y no tiene nada de malo). No obstante, es importante <strong>revalorar el trabajo que quienes se dedican al <\/strong><strong><em>drag<\/em><\/strong><strong> hacen en otras \u00e1reas<\/strong>.<\/p>\n\n\n\n<p><strong>El <\/strong><strong><em>drag<\/em><\/strong><strong> se puede involucrar en pol\u00edtica, pues hay artistas que incluyen protestas en las puestas en escena que interpretan o tratan temas abiertamente pol\u00edticos y de coyuntura<\/strong>.&nbsp;<\/p>\n\n\n\n<p>Y <strong>tambi\u00e9n hay quienes hacen labor social con su arte<\/strong>. Por ejemplo, en M\u00e9xico y Estados Unidos existe el programa de cuentacuentos<strong> <\/strong><strong><em>Drag Queen Story Hour<\/em><\/strong>, donde artistas <em>drag<\/em> centran sus <strong>espect\u00e1culos en el p\u00fablico infantil para leerles cuentos<\/strong>.<\/p>\n\n\n\n<div style=\"height:40px\" aria-hidden=\"true\" class=\"wp-block-spacer\"><\/div>\n\n\n\n<h4 class=\"wp-block-heading\">No hay una forma correcta de practicar el <em>drag<\/em> y este d\u00eda sirve para celebrar todas las expresiones que engloba.\u00a0<\/h4>\n\n\n\n<p>Fuentes: <em><a href=\"https:\/\/web.archive.org\/web\/20190327101236\/http:\/\/guidetogay.com\/site\/the-news\/interviews\/914\/207\" data-type=\"link\" data-id=\"https:\/\/web.archive.org\/web\/20190327101236\/http:\/\/guidetogay.com\/site\/the-news\/interviews\/914\/207\" target=\"_blank\" rel=\"noreferrer noopener\">Guide to gay<\/a><\/em> y <em>Homosensual<\/em> (<a href=\"https:\/\/www.homosensual.com\/entretenimiento\/drag\/dia-internacional-del-drag-que-es-cuando-16-de-julio-por-que-se-conmemora\/\" data-type=\"link\" data-id=\"https:\/\/www.homosensual.com\/entretenimiento\/drag\/dia-internacional-del-drag-que-es-cuando-16-de-julio-por-que-se-conmemora\/\" target=\"_blank\" rel=\"noreferrer noopener\">1<\/a> y <a href=\"https:\/\/www.homosensual.com\/entretenimiento\/drag\/drag-queen-story-hour-conquistara-a-publicos-de-fil-guadalajara-2021\/\" data-type=\"link\" data-id=\"https:\/\/www.homosensual.com\/entretenimiento\/drag\/drag-queen-story-hour-conquistara-a-publicos-de-fil-guadalajara-2021\/\" target=\"_blank\" rel=\"noreferrer noopener\">2<\/a>)<\/p>\n\n\n\n<p>Texto elaborado por Juan Manuel R\u00edos<\/p>\n","protected":false},"excerpt":{"rendered":"<p>Por la relevancia de esta expresi\u00f3n art\u00edstica para la poblaci\u00f3n LGBT+, exploramos la historia e importancias del D\u00eda Internacional del Drag.<\/p>\n","protected":false},"author":5,"featured_media":3146,"comment_status":"closed","ping_status":"open","sticky":false,"template":"","format":"standard","meta":{"footnotes":""},"categories":[80],"tags":[70,71,72],"class_list":["post-3112","post","type-post","status-publish","format-standard","has-post-thumbnail","hentry","category-efemerides","tag-diversidad","tag-equidad","tag-inclusion"],"_links":{"self":[{"href":"https:\/\/comprodiverso.com\/es\/wp-json\/wp\/v2\/posts\/3112","targetHints":{"allow":["GET"]}}],"collection":[{"href":"https:\/\/comprodiverso.com\/es\/wp-json\/wp\/v2\/posts"}],"about":[{"href":"https:\/\/comprodiverso.com\/es\/wp-json\/wp\/v2\/types\/post"}],"author":[{"embeddable":true,"href":"https:\/\/comprodiverso.com\/es\/wp-json\/wp\/v2\/users\/5"}],"replies":[{"embeddable":true,"href":"https:\/\/comprodiverso.com\/es\/wp-json\/wp\/v2\/comments?post=3112"}],"version-history":[{"count":5,"href":"https:\/\/comprodiverso.com\/es\/wp-json\/wp\/v2\/posts\/3112\/revisions"}],"predecessor-version":[{"id":3198,"href":"https:\/\/comprodiverso.com\/es\/wp-json\/wp\/v2\/posts\/3112\/revisions\/3198"}],"wp:featuredmedia":[{"embeddable":true,"href":"https:\/\/comprodiverso.com\/es\/wp-json\/wp\/v2\/media\/3146"}],"wp:attachment":[{"href":"https:\/\/comprodiverso.com\/es\/wp-json\/wp\/v2\/media?parent=3112"}],"wp:term":[{"taxonomy":"category","embeddable":true,"href":"https:\/\/comprodiverso.com\/es\/wp-json\/wp\/v2\/categories?post=3112"},{"taxonomy":"post_tag","embeddable":true,"href":"https:\/\/comprodiverso.com\/es\/wp-json\/wp\/v2\/tags?post=3112"}],"curies":[{"name":"wp","href":"https:\/\/api.w.org\/{rel}","templated":true}]}}