{"id":3505,"date":"2025-08-06T18:52:34","date_gmt":"2025-08-06T18:52:34","guid":{"rendered":"https:\/\/comprodiverso.com\/?p=3505"},"modified":"2025-08-06T19:54:09","modified_gmt":"2025-08-06T19:54:09","slug":"impacto-del-dia-internacional-de-los-pueblos-indigenas-en-el-ambito-laboral","status":"publish","type":"post","link":"https:\/\/comprodiverso.com\/es\/inclusion-laboral\/impacto-del-dia-internacional-de-los-pueblos-indigenas-en-el-ambito-laboral\/","title":{"rendered":"Impacto del D\u00eda Internacional de los Pueblos Ind\u00edgenas en el \u00e1mbito laboral"},"content":{"rendered":"\n<h4 class=\"wp-block-heading\">El 9 de agosto se conmemora el D\u00eda Internacional de los Pueblos Ind\u00edgenas, y en el contexto laboral esta fecha es una oportunidad para reflexionar y reforzar el compromiso institucional que tiene cada empresa con la inclusi\u00f3n, la equidad y el respeto hacia los derechos humanos de este sector de la poblaci\u00f3n.<\/h4>\n\n\n\n<p>El <strong>D\u00eda Internacional de los Pueblos Ind\u00edgenas<\/strong> fue <strong>establecido por la Asamblea General de la Organizaci\u00f3n de las Naciones Unidas<\/strong> en una reuni\u00f3n que se tuvo el 23 de diciembre de 1994; en dicha ocasi\u00f3n <strong>se pact\u00f3 que se conmemorar\u00eda el 9 de agosto de cada a\u00f1o<\/strong>.<\/p>\n\n\n\n<p><strong>M\u00e9xico es un pa\u00eds pluricultural.<\/strong> En nuestro contexto, este d\u00eda nos permite distinguir el legado y las aportaciones que han tenido los Pueblos Ind\u00edgenas en la cultura nacional.<\/p>\n\n\n\n<p><strong>El reconocimiento de los pueblos ind\u00edgenas tambi\u00e9n se da en el entorno laboral.<\/strong> Esto no solo responde a un compromiso \u00e9tico y de derechos humanos, sino que<strong> fortalece los principios de sostenibilidad, innovaci\u00f3n y justicia social dentro de la organizaci\u00f3n<\/strong>.<\/p>\n\n\n\n<figure class=\"wp-block-image size-large\"><img loading=\"lazy\" decoding=\"async\" width=\"1024\" height=\"405\" src=\"http:\/\/comprodiverso.com\/wp-content\/uploads\/2025\/08\/buenas-practicas-trabajar-comunidades-pueblos-indigenas-comprodiverso-1024x405.jpg\" alt=\"sesi\u00f3n buenas pr\u00e1cticas iberdrola comunidades pueblos ind\u00edgenas comprodiverso\" class=\"wp-image-3536\" srcset=\"https:\/\/comprodiverso.com\/wp-content\/uploads\/2025\/08\/buenas-practicas-trabajar-comunidades-pueblos-indigenas-comprodiverso-1024x405.jpg 1024w, https:\/\/comprodiverso.com\/wp-content\/uploads\/2025\/08\/buenas-practicas-trabajar-comunidades-pueblos-indigenas-comprodiverso-300x119.jpg 300w, https:\/\/comprodiverso.com\/wp-content\/uploads\/2025\/08\/buenas-practicas-trabajar-comunidades-pueblos-indigenas-comprodiverso-768x304.jpg 768w, https:\/\/comprodiverso.com\/wp-content\/uploads\/2025\/08\/buenas-practicas-trabajar-comunidades-pueblos-indigenas-comprodiverso-18x7.jpg 18w, https:\/\/comprodiverso.com\/wp-content\/uploads\/2025\/08\/buenas-practicas-trabajar-comunidades-pueblos-indigenas-comprodiverso.jpg 1200w\" sizes=\"auto, (max-width: 1024px) 100vw, 1024px\" \/><\/figure>\n\n\n\n<p><em>\u00bfDeseas aprender m\u00e1s? <strong><a href=\"https:\/\/events.teams.microsoft.com\/event\/7040d028-6036-4c7f-bd03-c689e5c56877@67acac1f-c4cf-433c-93a1-935f5bf430ab\">Reg\u00edstrate aqu\u00ed<\/a> y asiste a nuestra sesi\u00f3n virtual de buenas pr\u00e1cticas<\/strong> el <strong>jueves 14 de agosto<\/strong>, donde conoceremos el caso de \u00e9xito de Iberdrola, empresa afiliada que colabora con comunidades ind\u00edgenas.<\/em><\/p>\n\n\n\n<div style=\"height:40px\" aria-hidden=\"true\" class=\"wp-block-spacer\"><\/div>\n\n\n\n<h4 class=\"wp-block-heading\">\u00bfC\u00f3mo es el panorama de las personas que pertenecen a los pueblos ind\u00edgenas en el contexto laboral de M\u00e9xico y Latinoam\u00e9rica?<\/h4>\n\n\n\n<p>De acuerdo con datos del Consejo Nacional de Poblaci\u00f3n (Conapo) de M\u00e9xico, <strong>el 19.4% de la poblaci\u00f3n de tres a\u00f1os y m\u00e1s se autoadscrib\u00edan como pertenecientes a un pueblo ind\u00edgena en 2020<\/strong>. Esto equival\u00eda a<strong> m\u00e1s de 23 millones de habitantes<\/strong>.<\/p>\n\n\n\n<p>Pasando al \u00e1mbito laboral, con base en los datos otorgados por la Organizaci\u00f3n Internacional del Trabajo (OIT) en 2022, <strong>un 85% de las personas pertenecientes a pueblos ind\u00edgenas en Am\u00e9rica Latina y el Caribe est\u00e1n ocupados en la econom\u00eda informal<\/strong>.<\/p>\n\n\n\n<p>Esto hace que <strong>queden fuera de algunos derechos<\/strong> a los que podr\u00edan acceder estando en la formalidad, <strong>tales como seguridad social, vacaciones y aguinaldo<\/strong>.<\/p>\n\n\n\n<p>Por otra parte, tomando m\u00e1s informaci\u00f3n de la OIT,<strong> Am\u00e9rica Latina es la regi\u00f3n con la mayor brecha de ingresos laborales<\/strong>. Esto significa que <strong>los salarios de las personas pertenecientes a pueblos ind\u00edgenas solo representan el 33% de lo que percibe en promedio la poblaci\u00f3n general<\/strong>.<\/p>\n\n\n\n<p>Al respecto, la Comisi\u00f3n Nacional de los Derechos Humanos (CNDH) se\u00f1ala en su documento <em>El derecho humano al trabajo de personas ind\u00edgenas<\/em> que <strong>en M\u00e9xico se perpet\u00faa una situaci\u00f3n de desigualdad<\/strong>:<\/p>\n\n\n\n<blockquote class=\"wp-block-quote is-layout-flow wp-block-quote-is-layout-flow\">\n<p>\u00abEl derecho humano al trabajo de los integrantes de los pueblos y comunidades ind\u00edgenas evidencia grandes rezagos que a\u00fan no se han atendido como se debe, las cuales son fundamentales para la protecci\u00f3n de este sector de mexicanos que padece una discriminaci\u00f3n sistem\u00e1tica y goza de niveles m\u00e1s bajos de bienestar social que el promedio nacional\u00bb.<\/p>\n<\/blockquote>\n\n\n\n<p>El <strong>reconocimiento de los pueblos ind\u00edgenas en el entorno laboral <\/strong>nos <strong>permite<\/strong>:<\/p>\n\n\n\n<ul class=\"wp-block-list\">\n<li><strong>entender la<\/strong> <strong>diversidad como una fortaleza institucional <\/strong>que nos hace m\u00e1s plurales;<\/li>\n\n\n\n<li><strong>innovar en procesos internos<\/strong> a trav\u00e9s del conocimiento que tienen los Pueblos Ind\u00edgenas en diversas \u00e1reas;<\/li>\n\n\n\n<li><strong>cumplir con objetivos del desarrollo sostenible de la Agenda 2030<\/strong>, en especial con los que persiguen el trabajo decente y la reducci\u00f3n de desigualdades.<\/li>\n<\/ul>\n\n\n\n<div style=\"height:40px\" aria-hidden=\"true\" class=\"wp-block-spacer\"><\/div>\n\n\n\n<h4 class=\"wp-block-heading\">\u00bfQu\u00e9 requiere mi organizaci\u00f3n para hacer la diferencia en relaci\u00f3n a los pueblos ind\u00edgenas en el \u00e1mbito laboral?<\/h4>\n\n\n\n<ul class=\"wp-block-list\">\n<li><strong>Tener pol\u00edticas antidiscriminatorias internas <\/strong>en relaci\u00f3n a los pueblos ind\u00edgenas.<\/li>\n\n\n\n<li><strong>Respetar la diversidad cultural y ling\u00fc\u00edstica<\/strong> para promover una verdadera inclusi\u00f3n. Como ejemplos, se pueden<strong> implementar capacitaciones y evaluaciones en lenguas originarias <\/strong>si existen colaboradores de pueblos ind\u00edgenas.<\/li>\n\n\n\n<li><strong>Promover una cultura de equidad<\/strong> desde el proceso de contrataci\u00f3n, hasta en las labores cotidianas que realizan las personas empleadas.<\/li>\n\n\n\n<li>Tener una <strong>equidad salarial<\/strong>.<\/li>\n\n\n\n<li><strong>Implementar programas de capacitaci\u00f3n y sensibilizaci\u00f3n intercultural <\/strong>relacionados con este tema.<\/li>\n<\/ul>\n\n\n\n<div style=\"height:40px\" aria-hidden=\"true\" class=\"wp-block-spacer\"><\/div>\n\n\n\n<figure class=\"wp-block-image size-large\"><img loading=\"lazy\" decoding=\"async\" width=\"1024\" height=\"405\" src=\"http:\/\/comprodiverso.com\/wp-content\/uploads\/2025\/08\/buenas-practicas-trabajar-comunidades-pueblos-indigenas-comprodiverso-1024x405.jpg\" alt=\"sesi\u00f3n buenas pr\u00e1cticas iberdrola comunidades pueblos ind\u00edgenas comprodiverso\" class=\"wp-image-3536\" srcset=\"https:\/\/comprodiverso.com\/wp-content\/uploads\/2025\/08\/buenas-practicas-trabajar-comunidades-pueblos-indigenas-comprodiverso-1024x405.jpg 1024w, https:\/\/comprodiverso.com\/wp-content\/uploads\/2025\/08\/buenas-practicas-trabajar-comunidades-pueblos-indigenas-comprodiverso-300x119.jpg 300w, https:\/\/comprodiverso.com\/wp-content\/uploads\/2025\/08\/buenas-practicas-trabajar-comunidades-pueblos-indigenas-comprodiverso-768x304.jpg 768w, https:\/\/comprodiverso.com\/wp-content\/uploads\/2025\/08\/buenas-practicas-trabajar-comunidades-pueblos-indigenas-comprodiverso-18x7.jpg 18w, https:\/\/comprodiverso.com\/wp-content\/uploads\/2025\/08\/buenas-practicas-trabajar-comunidades-pueblos-indigenas-comprodiverso.jpg 1200w\" sizes=\"auto, (max-width: 1024px) 100vw, 1024px\" \/><\/figure>\n\n\n\n<p><em>\u00bfDeseas aprender m\u00e1s? <strong><a href=\"https:\/\/events.teams.microsoft.com\/event\/7040d028-6036-4c7f-bd03-c689e5c56877@67acac1f-c4cf-433c-93a1-935f5bf430ab\">Reg\u00edstrate aqu\u00ed<\/a> y asiste a nuestra sesi\u00f3n virtual de buenas pr\u00e1cticas<\/strong> <em>el <strong>jueves 14 de agosto<\/strong><\/em>, donde conoceremos el caso de \u00e9xito de Iberdrola, empresa afiliada que colabora con comunidades ind\u00edgenas. <\/em><\/p>\n\n\n\n<h4 class=\"wp-block-heading\">\u00bfConoc\u00edas el impacto que tienen los pueblos ind\u00edgenas en el contexto laboral de M\u00e9xico y Latinoam\u00e9rica?<\/h4>\n\n\n\n<p>Con informaci\u00f3n de <a href=\"https:\/\/www.cndh.org.mx\/sites\/all\/doc\/cartillas\/2015-2016\/01-DH-trabajo-indigenas.pdf\" target=\"_blank\" rel=\"noreferrer noopener\">CNDH<\/a>, <a href=\"https:\/\/www.gob.mx\/cms\/uploads\/attachment\/file\/907689\/Conapo.__2024_._Poblacion_indigena._Caracteristicas_sociodemograficas_2020..pdf\" target=\"_blank\" rel=\"noreferrer noopener\">Conapo<\/a>, <a href=\"https:\/\/www.ilo.org\/sites\/default\/files\/wcmsp5\/groups\/public\/%40americas\/%40ro-lima\/documents\/publication\/wcms_864130.pdf\" target=\"_blank\" rel=\"noreferrer noopener\">OIT<\/a> y <a href=\"https:\/\/www.jornada.com.mx\/2022\/12\/17\/economia\/016n1eco\" target=\"_blank\" rel=\"noreferrer noopener\"><em>La Jornada<\/em><\/a><\/p>\n\n\n\n<p>Investigaci\u00f3n y edici\u00f3n realizada por Jos\u00e9 Manuel R\u00edos, Rodrigo Hern\u00e1ndez Vera y Mildred P\u00e9rez de la Torre<\/p>\n","protected":false},"excerpt":{"rendered":"<p>El 9 de agosto se conmemora el D\u00eda Internacional de los Pueblos Ind\u00edgenas, conoce el contexto actual en el \u00e1mbito laboral de M\u00e9xico y Latinoam\u00e9rica.<\/p>\n","protected":false},"author":5,"featured_media":3511,"comment_status":"closed","ping_status":"open","sticky":false,"template":"","format":"standard","meta":{"footnotes":""},"categories":[76],"tags":[70,71,72],"class_list":["post-3505","post","type-post","status-publish","format-standard","has-post-thumbnail","hentry","category-inclusion-laboral","tag-diversidad","tag-equidad","tag-inclusion"],"_links":{"self":[{"href":"https:\/\/comprodiverso.com\/es\/wp-json\/wp\/v2\/posts\/3505","targetHints":{"allow":["GET"]}}],"collection":[{"href":"https:\/\/comprodiverso.com\/es\/wp-json\/wp\/v2\/posts"}],"about":[{"href":"https:\/\/comprodiverso.com\/es\/wp-json\/wp\/v2\/types\/post"}],"author":[{"embeddable":true,"href":"https:\/\/comprodiverso.com\/es\/wp-json\/wp\/v2\/users\/5"}],"replies":[{"embeddable":true,"href":"https:\/\/comprodiverso.com\/es\/wp-json\/wp\/v2\/comments?post=3505"}],"version-history":[{"count":5,"href":"https:\/\/comprodiverso.com\/es\/wp-json\/wp\/v2\/posts\/3505\/revisions"}],"predecessor-version":[{"id":3545,"href":"https:\/\/comprodiverso.com\/es\/wp-json\/wp\/v2\/posts\/3505\/revisions\/3545"}],"wp:featuredmedia":[{"embeddable":true,"href":"https:\/\/comprodiverso.com\/es\/wp-json\/wp\/v2\/media\/3511"}],"wp:attachment":[{"href":"https:\/\/comprodiverso.com\/es\/wp-json\/wp\/v2\/media?parent=3505"}],"wp:term":[{"taxonomy":"category","embeddable":true,"href":"https:\/\/comprodiverso.com\/es\/wp-json\/wp\/v2\/categories?post=3505"},{"taxonomy":"post_tag","embeddable":true,"href":"https:\/\/comprodiverso.com\/es\/wp-json\/wp\/v2\/tags?post=3505"}],"curies":[{"name":"wp","href":"https:\/\/api.w.org\/{rel}","templated":true}]}}