{"id":3518,"date":"2025-08-08T21:22:41","date_gmt":"2025-08-08T21:22:41","guid":{"rendered":"https:\/\/comprodiverso.com\/?p=3518"},"modified":"2025-08-12T00:02:44","modified_gmt":"2025-08-12T00:02:44","slug":"beneficios-de-tener-juventudes-jovenes-en-tu-organizacion-empresa","status":"publish","type":"post","link":"https:\/\/comprodiverso.com\/es\/inclusion-laboral\/beneficios-de-tener-juventudes-jovenes-en-tu-organizacion-empresa\/","title":{"rendered":"Beneficios de tener juventudes en tu organizaci\u00f3n"},"content":{"rendered":"\n<h4 class=\"wp-block-heading\">En el marco del D\u00eda Internacional de la Juventud, el cual se conmemora el 12 de agosto, aqu\u00ed presentamos algunas ventajas de contar con personas j\u00f3venes en tu organizaci\u00f3n.<\/h4>\n\n\n\n<p>Los <strong>entornos empresariales son cada vez m\u00e1s din\u00e1micos<\/strong> y es necesario mantenerse actualizados para competir; por tal raz\u00f3n, <strong>es importante la presencia de juventudes en las plantillas de trabajo<\/strong>.<\/p>\n\n\n\n<p><strong>El D\u00eda Internacional de la Juventud fue aprobado el 17 de diciembre de 1999 por la Asamblea General de la Organizaci\u00f3n de las Naciones Unidas (ONU)<\/strong>; se estableci\u00f3 que <strong>se conmemorar\u00eda cada 12 de agosto<\/strong>. Esta fecha es un gran pretexto para recordar que dichas personas <strong>representan un beneficio estrat\u00e9gico que puede abrir la puerta a la innovaci\u00f3n <\/strong>en los procesos que llevan a cabo las empresas.<\/p>\n\n\n\n<p>Como dato, <strong>el concepto de &#8216;juventud&#8217; <\/strong>para la ONU <strong>abarca a<\/strong> <strong>las<\/strong> <strong>personas<\/strong> que tienen<strong> entre 15 y 24 a\u00f1os de edad<\/strong>.<\/p>\n\n\n\n<div style=\"height:40px\" aria-hidden=\"true\" class=\"wp-block-spacer\"><\/div>\n\n\n\n<h4 class=\"wp-block-heading\">\u00bfCu\u00e1les son los beneficios de tener juventudes en tu organizaci\u00f3n?<\/h4>\n\n\n\n<p>El <strong>Fondo de las Naciones Unidas para la Infancia (Unicef) <\/strong>ha dado algunas <strong>ventajas de contratar a personas j\u00f3venes en las empresas<\/strong>. Algunas de ellas son:<\/p>\n\n\n\n<ul class=\"wp-block-list\">\n<li><strong>Poseen ideas frescas y orientadas al cambio<\/strong><\/li>\n<\/ul>\n\n\n\n<p>Es com\u00fan que las juventudes tengan una <strong>manera distinta de realizar actividades y de pensar<\/strong>. Asimismo, <strong>la familiaridad que poseen con las tecnolog\u00edas emergentes y las tendencias digitales <\/strong>puede ayudar a <strong>mejorar y agilizar las maneras de trabajar<\/strong>.<\/p>\n\n\n\n<ul class=\"wp-block-list\">\n<li><strong>Son personas que aprenden r\u00e1pido <\/strong><\/li>\n<\/ul>\n\n\n\n<p>Al ser una poblaci\u00f3n que posiblemente reci\u00e9n termin\u00f3 sus estudios,<strong> los profesionistas j\u00f3venes usualmente poseen una disposici\u00f3n para aprender nuevas habilidades<\/strong> que se necesitan para el d\u00eda a d\u00eda en el trabajo.<\/p>\n\n\n\n<ul class=\"wp-block-list\">\n<li><strong>Se promueve una cultura organizacional m\u00e1s diversa, colaborativa y flexible<\/strong><\/li>\n<\/ul>\n\n\n\n<p>La <strong>creatividad<\/strong> de la juventud <strong>puede ser contrastante <\/strong>con la<strong> <\/strong>de las generaciones que ya tienen m\u00e1s <strong>experiencia<\/strong>. Tener <strong>un equipo de trabajo diverso<\/strong> <strong>en cuesti\u00f3n de la edad puede ayudar en los momentos de resoluci\u00f3n de conflictos<\/strong>, pues<strong> las perspectivas se complementan<\/strong>.<\/p>\n\n\n\n<div style=\"height:40px\" aria-hidden=\"true\" class=\"wp-block-spacer\"><\/div>\n\n\n\n<h4 class=\"wp-block-heading\">La importancia de tener grupos de afinidad de diversas generaciones<\/h4>\n\n\n\n<p>De hecho, existen <strong>empresas que tienen <\/strong><a href=\"https:\/\/comprodiverso.com\/es\/inclusion-laboral\/que-es-erg-employee-resource-groups-importancia-organizaciones\/\" target=\"_blank\" rel=\"noreferrer noopener\"><strong>grupos de afinidad<\/strong> <\/a>que son <strong>compartidos entre trabajadores de diferentes generaciones<\/strong>. Como ejemplo est\u00e1 el <strong>grupo Enlace Generacional de Iberdrola M\u00e9xico<\/strong>, el cual es un espacio de conocimiento donde conviven <em>baby boomers<\/em>, generaci\u00f3n X, <em>millennials<\/em> y generaci\u00f3n Z.<\/p>\n\n\n\n<p><strong>Novartis<\/strong> (PotGen), <strong>Daimler Truck <\/strong>(Wisdom Exchange), <strong>Johnson &amp; Johnson <\/strong>(Gen Now), <strong>MSD<\/strong> (Next Generation Network) y <strong>Colgate-Palmolive<\/strong> son algunas empresas pertenecientes a red de ComproDiverso en donde tambi\u00e9n<strong> existen grupos de afinidad de generaciones<\/strong>.<\/p>\n\n\n\n<p>La decisi\u00f3n estrat\u00e9gica de incorporar juventudes en la organizaci\u00f3n permitir\u00e1 <strong>desarrollar profesionales que quiz\u00e1 est\u00e9n en las etapas tempranas de su carrera<\/strong>, pero que <strong>eventualmente se convertir\u00e1n en l\u00edderes<\/strong> que tomar\u00e1n decisiones en la empresa.<\/p>\n\n\n\n<p>Con los anteriores puntos es posible ver que <strong>incluir a juventudes<\/strong> en equipos de trabajo es una <strong>apuesta que permite que una empresa construya su presente y lidere su futuro con las ideas de una nueva generaci\u00f3n<\/strong>. <\/p>\n\n\n\n<div style=\"height:40px\" aria-hidden=\"true\" class=\"wp-block-spacer\"><\/div>\n\n\n\n<h4 class=\"wp-block-heading\">\u00bfQu\u00e9 otro beneficio incluir\u00edas en esta lista?<\/h4>\n\n\n\n<p>Con informaci\u00f3n de <a href=\"https:\/\/www.un.org\/es\/global-issues\/youth\" target=\"_blank\" rel=\"noreferrer noopener\">ONU<\/a>, <a href=\"https:\/\/www.unicef.org\/thailand\/stories\/6-top-benefits-hiring-young-talent\" target=\"_blank\" rel=\"noreferrer noopener\">Unicef<\/a> e <a href=\"https:\/\/www.iberdrola.com\/trabaja-con-nosotros\/diversidad-generacional#:~:text=Clasificaci%C3%B3n%20de%20las%20generaciones,sin%20antes%20pararnos%20a%20cuestionarlos.\" target=\"_blank\" rel=\"noreferrer noopener\">Iberdrola<\/a><\/p>\n\n\n\n<p>Investigaci\u00f3n realizada por Jos\u00e9 Manuel R\u00edos<\/p>\n","protected":false},"excerpt":{"rendered":"<p>Descubre cu\u00e1les son algunas de las ventajas de tener a juventudes en tu empresa.<\/p>\n","protected":false},"author":5,"featured_media":3549,"comment_status":"closed","ping_status":"open","sticky":false,"template":"","format":"standard","meta":{"footnotes":""},"categories":[76],"tags":[70,71,72,73],"class_list":["post-3518","post","type-post","status-publish","format-standard","has-post-thumbnail","hentry","category-inclusion-laboral","tag-diversidad","tag-equidad","tag-inclusion","tag-inclusion-laboral"],"_links":{"self":[{"href":"https:\/\/comprodiverso.com\/es\/wp-json\/wp\/v2\/posts\/3518","targetHints":{"allow":["GET"]}}],"collection":[{"href":"https:\/\/comprodiverso.com\/es\/wp-json\/wp\/v2\/posts"}],"about":[{"href":"https:\/\/comprodiverso.com\/es\/wp-json\/wp\/v2\/types\/post"}],"author":[{"embeddable":true,"href":"https:\/\/comprodiverso.com\/es\/wp-json\/wp\/v2\/users\/5"}],"replies":[{"embeddable":true,"href":"https:\/\/comprodiverso.com\/es\/wp-json\/wp\/v2\/comments?post=3518"}],"version-history":[{"count":5,"href":"https:\/\/comprodiverso.com\/es\/wp-json\/wp\/v2\/posts\/3518\/revisions"}],"predecessor-version":[{"id":3604,"href":"https:\/\/comprodiverso.com\/es\/wp-json\/wp\/v2\/posts\/3518\/revisions\/3604"}],"wp:featuredmedia":[{"embeddable":true,"href":"https:\/\/comprodiverso.com\/es\/wp-json\/wp\/v2\/media\/3549"}],"wp:attachment":[{"href":"https:\/\/comprodiverso.com\/es\/wp-json\/wp\/v2\/media?parent=3518"}],"wp:term":[{"taxonomy":"category","embeddable":true,"href":"https:\/\/comprodiverso.com\/es\/wp-json\/wp\/v2\/categories?post=3518"},{"taxonomy":"post_tag","embeddable":true,"href":"https:\/\/comprodiverso.com\/es\/wp-json\/wp\/v2\/tags?post=3518"}],"curies":[{"name":"wp","href":"https:\/\/api.w.org\/{rel}","templated":true}]}}