{"id":3609,"date":"2025-08-19T09:22:12","date_gmt":"2025-08-19T09:22:12","guid":{"rendered":"https:\/\/comprodiverso.com\/?p=3609"},"modified":"2025-08-19T09:34:17","modified_gmt":"2025-08-19T09:34:17","slug":"relevancia-retos-tener-equipos-diversos-diversidad-religiosa-creencias","status":"publish","type":"post","link":"https:\/\/comprodiverso.com\/es\/inclusion-laboral\/relevancia-retos-tener-equipos-diversos-diversidad-religiosa-creencias\/","title":{"rendered":"Relevancia y retos de tener equipos con diversidad religiosa y de creencias"},"content":{"rendered":"\n<h4 class=\"wp-block-heading\">El 22 de agosto es el D\u00eda de Conmemoraci\u00f3n de las V\u00edctimas de Actos de Violencia basados en la Religi\u00f3n o las Creencias, por lo que comentamos algunos retos que pueden existir cuando hay distintos tipos de perspectivas y creencias en una misma organizaci\u00f3n.<\/h4>\n\n\n\n<p>El <strong>D\u00eda de Conmemoraci\u00f3n de las V\u00edctimas de Actos de Violencia basados en la Religi\u00f3n o las Creencias <\/strong>fue<strong> establecido por la Asamblea General de la Organizaci\u00f3n de las Naciones Unidas&nbsp;(ONU)<\/strong> mediante la resoluci\u00f3n A\/ RES\/73\/1296. La fecha que se eligi\u00f3 fue el <strong>22 de agosto<\/strong>. <\/p>\n\n\n\n<p>La existencia de este d\u00eda nos permite <strong>reflexionar cu\u00e1l es nuestro rol en la&nbsp;lucha contra las diversas formas de intolerancia y discriminaci\u00f3n basadas en las creencias y la religi\u00f3n<\/strong>. En el contexto laboral, no podemos olvidar que <strong>no toda la plantilla de trabajo tiene las mismas pr\u00e1cticas religiosas ni creencias<\/strong>; por lo mismo, es relevante <strong>prepararse para sobrellevar los retos que puedan surgir alrededor de este tema<\/strong>.<\/p>\n\n\n\n<div style=\"height:40px\" aria-hidden=\"true\" class=\"wp-block-spacer\"><\/div>\n\n\n\n<h4 class=\"wp-block-heading\">\u00bfQu\u00e9 retos existen y de qu\u00e9 manera podemos afrontar la diversidad religiosa y de creencias en una organizaci\u00f3n?<\/h4>\n\n\n\n<p>De acuerdo con los datos de la<strong> Encuesta Nacional sobre Discriminaci\u00f3n (Enadis) de 2022, 3 de cada 10 personas pertenecientes a la diversidad religiosa fueron v\u00edctimas de discriminaci\u00f3n en M\u00e9xico<\/strong>. Como dato, en la encuesta se define que <strong>alguien forma parte de la diversidad religiosa cuando practica algo distinto al catolicismo<\/strong> y tiene m\u00e1s de 12 a\u00f1os de edad.<\/p>\n\n\n\n<p>Este dato permite ver que<strong> en M\u00e9xico a\u00fan existe intolerancia hacia la diversidad religiosa<\/strong>. No obstante, <strong>constitucionalmente<\/strong> <strong>M\u00e9xico es un pa\u00eds laico y con libertad de culto<\/strong>, por lo que se debe<strong> garantizar que cada persona elija sus creencias y pr\u00e1cticas religiosas <\/strong>sin que alguien las imponga.<\/p>\n\n\n\n<p>La <strong>diversidad religiosa y de creencias existe<\/strong> inevitablemente en una organizaci\u00f3n y se puede ver como <strong>un \u00e1rea de oportunidad para poner a prueba el sentido de inclusi\u00f3n<\/strong>. Al existir <strong>varios puntos de vista que convergen en el mismo lugar<\/strong>, puede haber <strong>diversas maneras de atajar una problem\u00e1tica <\/strong>o situaci\u00f3n que se presente en el d\u00eda a d\u00eda de la empresa.<\/p>\n\n\n\n<p>En los contextos laborales, quiz\u00e1<strong> el mayor reto que habr\u00e1 es que los trabajadores respeten entre s\u00ed sus diversas pr\u00e1cticas religiosas<\/strong>. Entonces, \u00bfqu\u00e9 podemos hacer ante ello? El te\u00f3logo y doctor en Ciencias Sociales Nicol\u00e1s Panotto explica que <strong>puede ser \u00fatil abrir espacios de di\u00e1logo interreligioso <\/strong>para <strong>comprender las cosmovisiones<\/strong> que tiene cada grupo.<\/p>\n\n\n\n<p>Adem\u00e1s, desde la empresa se puede<strong> estipular en los reglamentos que debe existir respeto<\/strong> y tolerancia<strong> entre pares en relaci\u00f3n a las creencias y religiones<\/strong>.<\/p>\n\n\n\n<div style=\"height:40px\" aria-hidden=\"true\" class=\"wp-block-spacer\"><\/div>\n\n\n\n<h4 class=\"wp-block-heading\">\u00bfEn qu\u00e9 momento se cruza el l\u00edmite de la libertad de creencias en el entorno laboral?<\/h4>\n\n\n\n<p><strong>En M\u00e9xico, toda libertad de expresi\u00f3n y creencias tiene un l\u00edmite cuando comienza a existir un discurso de odio.<\/strong> Como precedente,<strong> la Suprema Corte de Justicia de M\u00e9xico<\/strong> resolvi\u00f3 en 2019 que <strong>no fue discriminatorio que una empresa separara de su cargo a un trabajador que ten\u00eda tatuada una esv\u00e1stica<\/strong>, pues esto <strong>constitu\u00eda un discurso de odio<\/strong>.<\/p>\n\n\n\n<p>En este caso, la corte determin\u00f3 que, si bien, <strong>los trabajadores no deben ser discriminados por exponer un tatuaje, en la situaci\u00f3n espec\u00edfica s\u00ed representaba un discurso de odio racista (antisemita)<\/strong>. Adem\u00e1s, la empresa en la que trabajaba la persona ten\u00eda <strong>personal y directivos que se identificaban como jud\u00edos<\/strong>.<\/p>\n\n\n\n<p>Este ejemplo permite ver una situaci\u00f3n pr\u00e1ctica en donde se encuentra el l\u00edmite de la <strong>libertad de expresi\u00f3n y creencias <\/strong>frente a los derechos de otras personas.<\/p>\n\n\n\n<div style=\"height:40px\" aria-hidden=\"true\" class=\"wp-block-spacer\"><\/div>\n\n\n\n<h4 class=\"wp-block-heading\">\u00bfSab\u00edas que existe el D\u00eda de Conmemoraci\u00f3n de las V\u00edctimas de Actos de Violencia basados en la Religi\u00f3n o las Creencias?<\/h4>\n\n\n\n<p>Con informaci\u00f3n de <a href=\"https:\/\/www.conapred.org.mx\/2023-031-llama-conapred-a-personas-empleadoras-a-respetar-la-diversidad-religiosa-en-el-ambito-laboral\/\" target=\"_blank\" rel=\"noreferrer noopener\">Conapred<\/a>, <a href=\"https:\/\/www.inegi.org.mx\/contenidos\/programas\/enadis\/2022\/doc\/enadis2022_resultados.pdf\" target=\"_blank\" rel=\"noreferrer noopener\">Enadis<\/a>, <a href=\"https:\/\/otroscruces.org\/dia-internacional-en-conmemoracion-de-las-victimas-de-actos-de-violencia-basados-en-la-religion-o-la-creencia\/\" target=\"_blank\" rel=\"noreferrer noopener\">Otros cruces<\/a> y <a href=\"https:\/\/www.internet2.scjn.gob.mx\/red2\/comunicados\/noticia.asp?id=5993&amp;fbclid=IwY2xjawMLC9ZleHRuA2FlbQIxMABicmlkETFpTmlqNDNEcUJZMnRqRmllAR7_MKcx2UJp_icyeex1bKpWqACIBoxnRb8d35GpzRljTbWzJLDPK6BP5QeVmw_aem_uXupSARf_e5vFDXAa7LcaQ\" target=\"_blank\" rel=\"noreferrer noopener\">Suprema Corte de Justicia de la Naci\u00f3n<\/a><\/p>\n","protected":false},"excerpt":{"rendered":"<p>Descubre de manera influye que exista una diversidad religiosa y de creencias en una organizaci\u00f3n. <\/p>\n","protected":false},"author":5,"featured_media":3616,"comment_status":"closed","ping_status":"closed","sticky":false,"template":"","format":"standard","meta":{"footnotes":""},"categories":[76],"tags":[70,71,72,73],"class_list":["post-3609","post","type-post","status-publish","format-standard","has-post-thumbnail","hentry","category-inclusion-laboral","tag-diversidad","tag-equidad","tag-inclusion","tag-inclusion-laboral"],"_links":{"self":[{"href":"https:\/\/comprodiverso.com\/es\/wp-json\/wp\/v2\/posts\/3609","targetHints":{"allow":["GET"]}}],"collection":[{"href":"https:\/\/comprodiverso.com\/es\/wp-json\/wp\/v2\/posts"}],"about":[{"href":"https:\/\/comprodiverso.com\/es\/wp-json\/wp\/v2\/types\/post"}],"author":[{"embeddable":true,"href":"https:\/\/comprodiverso.com\/es\/wp-json\/wp\/v2\/users\/5"}],"replies":[{"embeddable":true,"href":"https:\/\/comprodiverso.com\/es\/wp-json\/wp\/v2\/comments?post=3609"}],"version-history":[{"count":4,"href":"https:\/\/comprodiverso.com\/es\/wp-json\/wp\/v2\/posts\/3609\/revisions"}],"predecessor-version":[{"id":3659,"href":"https:\/\/comprodiverso.com\/es\/wp-json\/wp\/v2\/posts\/3609\/revisions\/3659"}],"wp:featuredmedia":[{"embeddable":true,"href":"https:\/\/comprodiverso.com\/es\/wp-json\/wp\/v2\/media\/3616"}],"wp:attachment":[{"href":"https:\/\/comprodiverso.com\/es\/wp-json\/wp\/v2\/media?parent=3609"}],"wp:term":[{"taxonomy":"category","embeddable":true,"href":"https:\/\/comprodiverso.com\/es\/wp-json\/wp\/v2\/categories?post=3609"},{"taxonomy":"post_tag","embeddable":true,"href":"https:\/\/comprodiverso.com\/es\/wp-json\/wp\/v2\/tags?post=3609"}],"curies":[{"name":"wp","href":"https:\/\/api.w.org\/{rel}","templated":true}]}}