{"id":3674,"date":"2025-08-22T19:20:38","date_gmt":"2025-08-22T19:20:38","guid":{"rendered":"https:\/\/comprodiverso.com\/?p=3674"},"modified":"2025-08-22T19:20:39","modified_gmt":"2025-08-22T19:20:39","slug":"relevancia-del-dia-nacional-de-las-personas-adultas-mayores-lenguaje-inclyuente","status":"publish","type":"post","link":"https:\/\/comprodiverso.com\/es\/inclusion-laboral\/relevancia-del-dia-nacional-de-las-personas-adultas-mayores-lenguaje-inclyuente\/","title":{"rendered":"Entornos laborales con personas adultas mayores: Ventajas, retos y c\u00f3mo dirigirse a ellas"},"content":{"rendered":"\n<h4 class=\"wp-block-heading\">Con motivo del 28 de agosto, D\u00eda Nacional de las Personas Adultas Mayores en M\u00e9xico, te compartimos algunas de las ventajas de tenerlas en tu grupo de trabajo y algunos de los conceptos con los que es conveniente no referirnos a este sector de la poblaci\u00f3n.<\/h4>\n\n\n\n<p>Desde <strong>1998 se instituy\u00f3 en M\u00e9xico el D\u00eda Nacional de las Personas Adultas Mayores<\/strong>, esta fecha funciona para<strong> reconocer los derechos de<\/strong> este grupo poblacional que tiene<strong> 60 a\u00f1os de edad o m\u00e1s<\/strong>. En nuestro pa\u00eds existe el<strong> Instituto Nacional de las Personas Adultas Mayores (Inapam)<\/strong>, el cual coment\u00f3 en 2020 que<strong> este d\u00eda no solo es para felicitarles, tambi\u00e9n es para<\/strong> \u00ab<strong>brindarles un reconocimiento por sus aportaciones actuales y potenciales <\/strong>al desarrollo cultural, social, econ\u00f3mico y pol\u00edtico de nuestras sociedad\u00bb.<\/p>\n\n\n\n<p>Una <strong>verdadera inclusi\u00f3n<\/strong> de las personas adultas mayores se basa en los <strong>principios de no discriminaci\u00f3n y no estigmatizaci\u00f3n<\/strong>. Para ello, es necesario facilitar <strong>que tengan independencia, protagonismo y autonom\u00eda<\/strong> en las actividades que realizan.<\/p>\n\n\n\n<p>Como dato, en 2025 el Consejo Nacional de Poblaci\u00f3n (Conapo) estima que<strong> existen m\u00e1s de&nbsp;17 millones de personas que tienen 60 a\u00f1os o m\u00e1s en M\u00e9xico<\/strong>, representando el<strong> 12.8% de la poblaci\u00f3n <\/strong>total.<\/p>\n\n\n\n<p>Sin embargo, las proyecciones apuntan a que <strong>esta cifra continuar\u00e1 creciendo debido a que ha bajado el \u00edndice de natalidad y la esperanza de vida aument\u00f3<\/strong>. De acuerdo con datos del Instituto Nacional de Estad\u00edstica y Geograf\u00eda (Inegi), la <strong>esperanza de vida<\/strong> para los mexicanos es, en promedio, de <strong>75 a\u00f1os en 2025<\/strong>.<\/p>\n\n\n\n<div style=\"height:40px\" aria-hidden=\"true\" class=\"wp-block-spacer\"><\/div>\n\n\n\n<h4 class=\"wp-block-heading\">Ventajas de tener a personas adultas mayores en mi organizaci\u00f3n<\/h4>\n\n\n\n<p>Existen diversos <strong>beneficios de tener a personas adultas mayores en una empresa<\/strong>. La primera y quiz\u00e1 la m\u00e1s relevante es su <strong>experiencia<\/strong>. Recordemos que el tiempo que una persona trabaja <strong>le brinda conocimientos que le permiten tener una visi\u00f3n estrat\u00e9gica<\/strong> y una<strong> amplia capacidad para la resoluci\u00f3n de problemas<\/strong>.<\/p>\n\n\n\n<p>En otros art\u00edculos de ComproDiverso hemos mencionado que es relevante tener una <strong><a href=\"https:\/\/comprodiverso.com\/es\/inclusion-laboral\/beneficios-de-tener-juventudes-jovenes-en-tu-organizacion-empresa\/\">diversidad en las edades de los miembros de un equipo de trabajo<\/a><\/strong>. La<strong> convivencia intergeneracional <\/strong>es vital, pues se puede generar un <strong>v\u00ednculo de mentor\u00eda <\/strong>entre una persona joven y una adulta mayor, quien le puede transmitir sus conocimientos y valores.<\/p>\n\n\n\n<p>Al respecto, <strong>Patricia de la Guardia<\/strong>, ingeniera qu\u00edmica retirada, nos<strong> coment\u00f3 lo siguiente en una capacitaci\u00f3n privada para las empresas afiliadas a ComproDiverso<\/strong>:<\/p>\n\n\n\n<blockquote class=\"wp-block-quote is-layout-flow wp-block-quote-is-layout-flow\">\n<p>\u00abLa convivencia de diferentes edades es muy enriquecedora tanto para nosotras como para los j\u00f3venes, porque eso ayuda a que ellos aprendan a tratar al adulto mayor. Si desde peque\u00f1os se generara la posibilidad de convivencia de diferentes generaciones ser\u00eda muy ben\u00e9fico\u00bb.<\/p>\n<\/blockquote>\n\n\n\n<p>Adem\u00e1s, otra de las ventajas es que las personas<strong> adultas mayores pueden ser un ejemplo e inspiraci\u00f3n <\/strong>para otras generaciones, pues <strong>cuentan con una adaptabilidad <\/strong>que les ha permitido estar varios a\u00f1os en el entorno laboral. <\/p>\n\n\n\n<div style=\"height:40px\" aria-hidden=\"true\" class=\"wp-block-spacer\"><\/div>\n\n\n\n<h4 class=\"wp-block-heading\">C\u00f3mo no referirse a las personas adultas mayores<\/h4>\n\n\n\n<p>Socialmente tenemos normalizadas muchas <strong>palabras, estereotipos, burlas o chistes que pueden ser estigmatizantes y ofensivos <\/strong>hacia las personas adultas mayores. Para tomar ejemplos tenemos<strong> &#8216;vejete&#8217;, &#8216;abuelo&#8217;, &#8216;pensionado&#8217;, &#8216;senil&#8217;, &#8216;f\u00f3sil&#8217;, &#8216;personas de la tercera edad&#8217;, &#8216;viejita&#8217;, &#8216;geri\u00e1trica&#8217;, &#8216;anciana&#8217;,<\/strong> entre otros.<\/p>\n\n\n\n<p>Sobre este tema, <strong>Patricia de la Guardia<\/strong> coment\u00f3:<\/p>\n\n\n\n<blockquote class=\"wp-block-quote is-layout-flow wp-block-quote-is-layout-flow\">\n<p>\u00abEn la calle ven a una persona mayor y muchas veces hasta nos hacen a un lado. O bien, por alg\u00fan peque\u00f1o olvido, nos dicen: &#8220;Ay, es porque es viejita&#8221;. Eso es un insulto. Simplemente que cualquier cosa sea justificado porque &#8220;es viejita&#8221; es ofensivo\u00bb.<\/p>\n<\/blockquote>\n\n\n\n<p>Las anteriores <strong>palabras no retratan con dignidad <\/strong>a este sector de la poblaci\u00f3n. Es por ello que algunas <strong>sugerencias de c\u00f3mo s\u00ed referirse a ellas son:<\/strong><\/p>\n\n\n\n<ul class=\"wp-block-list\">\n<li><strong>personas adultas mayores<\/strong><\/li>\n\n\n\n<li><strong>poblaci\u00f3n de edad avanzada<\/strong>.<\/li>\n<\/ul>\n\n\n\n<p>El <strong>lenguaje es muy poderoso <\/strong>y nos permite <strong>combatir los prejuicios<\/strong> que se tienen hacia las personas adultas mayores. La Universidad de Utah comenta que <strong>el lenguaje edadista suele utilizarse en conversaciones cotidianas<\/strong> y lo tenemos tan normalizado que en ocasiones no nos percatamos de \u00e9l. <\/p>\n\n\n\n<p>Algunos <strong>consejos<\/strong> que da la Universidad de Utah incluyen:<\/p>\n\n\n\n<ul class=\"wp-block-list\">\n<li><strong>Evita hablarle a las personas adultas mayores con t\u00e9rminos como &#8216;anciano&#8217;<\/strong>, pues esto evoca im\u00e1genes de <strong>fragilidad y dependencia<\/strong>. <\/li>\n\n\n\n<li><strong>No te dirijas hacia ellas de forma ani\u00f1ada o como si<\/strong> no pudieran entender lo que se les dice.<\/li>\n\n\n\n<li><strong>Reconoce sus capacidades<\/strong> de tomar decisiones y de comprender situaciones complejas.<\/li>\n\n\n\n<li>Es importante <strong>no estereotipar c\u00f3mo se ve una persona adulta mayor<\/strong>. Existe una gran <strong>diversidad en el envejecimiento<\/strong>, pues mucha gente sigue activa, trabajando y haciendo actividades f\u00edsicas en esta etapa de la vida. Es decir,<strong> no existe una manera en la que se debe ver una persona adulta mayor<\/strong>. <\/li>\n<\/ul>\n\n\n\n<div style=\"height:40px\" aria-hidden=\"true\" class=\"wp-block-spacer\"><\/div>\n\n\n\n<h4 class=\"wp-block-heading\">Discriminaci\u00f3n que viven las personas adultas mayores en los entornos laborales<\/h4>\n\n\n\n<p>Para poner en perspectiva la situaci\u00f3n que viven en M\u00e9xico las personas adultas mayores, <strong>entre los a\u00f1os 2012 y 2020, el Consejo Nacional para Prevenir la Discriminaci\u00f3n (Conapred) calific\u00f3 242 expedientes <\/strong>como presuntos<strong> actos de discriminaci\u00f3n <\/strong>hacia este grupo poblacional.<\/p>\n\n\n\n<p>Algo relevante es que el <strong>42.7% de los casos se dio en entornos laborales<\/strong>. Algunos de los <strong>derechos vulnerados m\u00e1s comentados fueron el trato digno y la igualdad de oportunidades<\/strong>. <\/p>\n\n\n\n<p>La Suprema Corte de Justicia de la Naci\u00f3n se\u00f1ala en su documento <em>La edad como factor de discriminaci\u00f3n en el mercado laboral <\/em>que <strong>la discriminaci\u00f3n est\u00e1 usualmente relacionada con<\/strong> algunos <strong>estereotipos<\/strong>:<\/p>\n\n\n\n<blockquote class=\"wp-block-quote is-layout-flow wp-block-quote-is-layout-flow\">\n<p>\u00abLa discriminaci\u00f3n se suele apoyar en estereotipos o estigmas asociados a la edad, para los j\u00f3venes: inexperiencia o la poca destreza o falta de pericia; para los mayores: la menor productividad, la falta de adaptaci\u00f3n a los cambios, la dificultad de ajustarse a decisiones flexibles o menor capacidad de reacci\u00f3n\u00bb.<\/p>\n<\/blockquote>\n\n\n\n<p>Retomando el caso de <strong>Patricia de la Guardia, ella tiene 72 a\u00f1os de edad en 2025 y perdi\u00f3 algunas prestaciones para su retiro<\/strong> porque no la dejaron cumplir los 28 a\u00f1os laborales.<strong> La obligaron a un retiro &#8216;voluntario&#8217; en la empresa en la cual trabajaba.<\/strong> Al respecto, ella coment\u00f3:<\/p>\n\n\n\n<blockquote class=\"wp-block-quote is-layout-flow wp-block-quote-is-layout-flow\">\n<p>\u00abEl retiro &#8216;voluntario&#8217; es una experiencia muy violenta\u00bb.<\/p>\n<\/blockquote>\n\n\n\n<p>El tener <strong>empat\u00eda<\/strong> con las personas adultas mayores en entornos laborales y fuera de ellos es vital. Esto nos<strong> permitir\u00e1 construir una sociedad m\u00e1s humana y respetuosa<\/strong>, donde nadie tiene que ser invisibilizado por su edad.<\/p>\n\n\n\n<div style=\"height:40px\" aria-hidden=\"true\" class=\"wp-block-spacer\"><\/div>\n\n\n\n<h4 class=\"wp-block-heading\">\u00bfConoc\u00edas la relevancia que tiene el D\u00eda Nacional de las Personas Adultas Mayores en M\u00e9xico?<\/h4>\n\n\n\n<p>Con informaci\u00f3n de<a href=\"https:\/\/www.gob.mx\/salud\/articulos\/dia-nacional-de-las-personas-adultas-mayores-en-los-tiempos-de-covid-19?idiom=es\" target=\"_blank\" rel=\"noreferrer noopener\"> Gobierno de M\u00e9xico<\/a>, <a href=\"https:\/\/www.datos.gob.mx\/dataset\/proyecciones-de-poblacion\/resource\/e9160552-769b-41ee-88d1-afc765552608\" target=\"_blank\" rel=\"noreferrer noopener\">Conapo<\/a>, <a href=\"https:\/\/www.inegi.org.mx\/app\/tabulados\/interactivos\/?pxq=Mortalidad_Mortalidad_09_b87a4bf1-9b47-442a-a5fc-ee5c65e37648\" target=\"_blank\" rel=\"noreferrer noopener\">INEGI<\/a>, <a href=\"https:\/\/www.scjn.gob.mx\/sites\/default\/files\/resenias_argumentativas\/documento\/2017-01\/res-AZLL-0992-14.pdf\" target=\"_blank\" rel=\"noreferrer noopener\">Suprema Corte de Justicia de la Naci\u00f3n<\/a>, <a href=\"https:\/\/www.conapred.org.mx\/wp-content\/uploads\/2024\/02\/FT_Mayores_Noviembre2023.pdf\" target=\"_blank\" rel=\"noreferrer noopener\">Conapred<\/a>, <a href=\"https:\/\/fundaciongabo.org\/es\/blog\/periodismosalud\/terminos-correctos-para-referirse-las-personas-mayores\" target=\"_blank\" rel=\"noreferrer noopener\">Fundaci\u00f3n Gabo<\/a> y <a href=\"https:\/\/healthcare.utah.edu\/healthfeed\/2024\/12\/el-poder-del-lenguaje-en-el-cuidado-de-las-personas-mayores-reencuadrando-el\" target=\"_blank\" rel=\"noreferrer noopener\">Universidad de Utah<\/a><\/p>\n\n\n\n<p>Investigaci\u00f3n y edici\u00f3n realizada por Jos\u00e9 Manuel R\u00edos y Mildred P\u00e9rez de la Torre<\/p>\n","protected":false},"excerpt":{"rendered":"<p>Descubre cu\u00e1l es la relevancia del D\u00eda Nacional de las Personas Adultas Mayores en M\u00e9xico.<\/p>\n","protected":false},"author":5,"featured_media":3679,"comment_status":"closed","ping_status":"closed","sticky":false,"template":"","format":"standard","meta":{"footnotes":""},"categories":[76],"tags":[70,71,72,73],"class_list":["post-3674","post","type-post","status-publish","format-standard","has-post-thumbnail","hentry","category-inclusion-laboral","tag-diversidad","tag-equidad","tag-inclusion","tag-inclusion-laboral"],"_links":{"self":[{"href":"https:\/\/comprodiverso.com\/es\/wp-json\/wp\/v2\/posts\/3674","targetHints":{"allow":["GET"]}}],"collection":[{"href":"https:\/\/comprodiverso.com\/es\/wp-json\/wp\/v2\/posts"}],"about":[{"href":"https:\/\/comprodiverso.com\/es\/wp-json\/wp\/v2\/types\/post"}],"author":[{"embeddable":true,"href":"https:\/\/comprodiverso.com\/es\/wp-json\/wp\/v2\/users\/5"}],"replies":[{"embeddable":true,"href":"https:\/\/comprodiverso.com\/es\/wp-json\/wp\/v2\/comments?post=3674"}],"version-history":[{"count":4,"href":"https:\/\/comprodiverso.com\/es\/wp-json\/wp\/v2\/posts\/3674\/revisions"}],"predecessor-version":[{"id":3727,"href":"https:\/\/comprodiverso.com\/es\/wp-json\/wp\/v2\/posts\/3674\/revisions\/3727"}],"wp:featuredmedia":[{"embeddable":true,"href":"https:\/\/comprodiverso.com\/es\/wp-json\/wp\/v2\/media\/3679"}],"wp:attachment":[{"href":"https:\/\/comprodiverso.com\/es\/wp-json\/wp\/v2\/media?parent=3674"}],"wp:term":[{"taxonomy":"category","embeddable":true,"href":"https:\/\/comprodiverso.com\/es\/wp-json\/wp\/v2\/categories?post=3674"},{"taxonomy":"post_tag","embeddable":true,"href":"https:\/\/comprodiverso.com\/es\/wp-json\/wp\/v2\/tags?post=3674"}],"curies":[{"name":"wp","href":"https:\/\/api.w.org\/{rel}","templated":true}]}}