{"id":3964,"date":"2025-09-19T16:29:34","date_gmt":"2025-09-19T16:29:34","guid":{"rendered":"https:\/\/comprodiverso.com\/?p=3964"},"modified":"2025-09-19T16:37:40","modified_gmt":"2025-09-19T16:37:40","slug":"implicaciones-de-salir-del-closet-lgbt-en-el-entorno-laboral","status":"publish","type":"post","link":"https:\/\/comprodiverso.com\/es\/efemerides\/implicaciones-de-salir-del-closet-lgbt-en-el-entorno-laboral\/","title":{"rendered":"D\u00eda para Salir del Cl\u00f3set: Implicaciones de salir del cl\u00f3set LGBT+ en el entorno laboral"},"content":{"rendered":"\n<h4 class=\"wp-block-heading\">En m\u00e1s de una ocasi\u00f3n, una persona LGBT+ puede sentir presi\u00f3n y hasta confusi\u00f3n de si es el momento adecuado para salir del cl\u00f3set. Y s\u00ed, este pensamiento tambi\u00e9n sucede en el entorno laboral.<\/h4>\n\n\n\n<p><strong>Salir del cl\u00f3set es un paso muy importante para cualquier persona LGBT+<\/strong>, pues es el instante en que <strong>decide vivir libre y se autodenomina como alguien de este grupo<\/strong>. Sin embargo, el proceso para llegar a este momento no siempre es sencillo, pues <strong>cada quien vive algo muy diferente seg\u00fan su contexto<\/strong>.<\/p>\n\n\n\n<p><strong>Las inseguridades de salir del cl\u00f3set pueden suceder en la ni\u00f1ez, adolescencia y en la vida adulta. <\/strong>Esto quiere decir que en los entornos laborales tambi\u00e9n est\u00e1n latentes. <\/p>\n\n\n\n<div style=\"height:40px\" aria-hidden=\"true\" class=\"wp-block-spacer\"><\/div>\n\n\n\n<h4 class=\"wp-block-heading\">\u00bfPor qu\u00e9 existe el D\u00eda Internacional para Salir del Cl\u00f3set (Coming Out Day)?<\/h4>\n\n\n\n<p><strong>El 11 de octubre es el\u00a0D\u00eda Internacional para Salir del Cl\u00f3set<\/strong><em>,<\/em> esta fecha <strong>comenz\u00f3 a conmemorarse en Estados Unidos<\/strong> y en la actualidad es relevante en muchos otros territorios, incluido M\u00e9xico.<\/p>\n\n\n\n<p><strong>Esta efem\u00e9ride fue celebrada por primera vez en 1998, en Washington (Estados Unidos). <\/strong>Algunos de los <strong>activistas que lo promovieron fueron Robert Eichberg y Jean O\u2019Leary<\/strong>. El motivo por el que se eligi\u00f3 este d\u00eda fue porque<strong> coincidi\u00f3 con el aniversario de segunda Marcha Nacional por los Derechos de Lesbianas y Gays de Washington<\/strong>, la cual <strong>sucedi\u00f3 el 11 de octubre de 1987<\/strong> y convoc\u00f3 a 200 000 personas.<\/p>\n\n\n\n<div style=\"height:40px\" aria-hidden=\"true\" class=\"wp-block-spacer\"><\/div>\n\n\n\n<h4 class=\"wp-block-heading\">\u00bfQu\u00e9 implica salir del cl\u00f3set en el entorno laboral?<\/h4>\n\n\n\n<p><strong>Las personas LGBT+ nunca dejamos de salir del cl\u00f3set<\/strong>. Esto sucede porque todo el tiempo estamos en un contexto diferente. <strong>Algunas quiz\u00e1 declaramos nuestra identidad en la escuela, en nuestra familia y con nuestras amistades. <\/strong>Sin embargo, cada que conocemos a alguien nuevo, puede existir el<strong> temor de no saber c\u00f3mo reaccionar\u00e1n al saber que somos alguien que no encaja en la orientaci\u00f3n que nos ha dictado la heteronorma<\/strong>.<\/p>\n\n\n\n<p>Al pasar al mundo laboral, es relevante que especifiquemos que <strong>ninguna persona est\u00e1 obligada a salir del cl\u00f3set<\/strong>. Esta es una decisi\u00f3n individual. <\/p>\n\n\n\n<p><strong>Los temores que rodean a una salida del cl\u00f3set en este contexto pueden ser muy variados<\/strong>. Por ejemplo, quiz\u00e1 <strong>un hombre gay crea que ya no lo ver\u00e1n con la misma autoridad si est\u00e1 en un puesto directivo<\/strong>. O bien, una <strong>persona trans posiblemente tenga el miedo de enfrentarse a un rechazo social en su trabajo<\/strong>. Y todo esto es provocado por los prejuicios a los que constantemente nos enfrentamos las personas LGBT+.<\/p>\n\n\n\n<p>Si bien en M\u00e9xico y en el mundo muchas empresas han adoptado pol\u00edticas de inclusi\u00f3n con la poblaci\u00f3n LGBT+, a\u00fan nos queda camino por recorrer.<strong> De acuerdo con la Encuesta Nacional sobre Diversidad Sexual y de G\u00e9nero (Endiseg) 2021, el 28.1% de personas encuestadas se enfrentaron a rechazos en sus trabajos. <\/strong>Esto abarc\u00f3 un trato desigual respecto a los <strong>beneficios, prestaciones laborales o ascensos <\/strong>y hasta <strong>recibir comentarios ofensivos<\/strong>.<\/p>\n\n\n\n<p>Con esta informaci\u00f3n nos es m\u00e1s sencillo comprender por qu\u00e9 algunas personas a\u00fan tienen temor de expresar su identidad en sus espacios de trabajo. <\/p>\n\n\n\n<div style=\"height:40px\" aria-hidden=\"true\" class=\"wp-block-spacer\"><\/div>\n\n\n\n<h4 class=\"wp-block-heading\">\u00bfQu\u00e9 puede hacer una empresa para ayudar a que una persona salga del cl\u00f3set en el trabajo?<\/h4>\n\n\n\n<p><strong>Las empresas pueden ayudar<\/strong> a que alguien tenga la confianza de salir del cl\u00f3set al <strong>proporcionar un espacio seguro y con una igualdad de oportunidades<\/strong>. Esto abarca que las personas LGBT+ tengan las <strong>mismas prestaciones laborales y oportunidades de ascensos<\/strong> que aquellas que no son parte de esta poblaci\u00f3n.<\/p>\n\n\n\n<p>De igual manera, <strong>es ideal que internamente se promueva la <a href=\"https:\/\/comprodiverso.com\/es\/inclusion-laboral\/que-es-erg-employee-resource-groups-importancia-organizaciones\/\" target=\"_blank\" rel=\"noreferrer noopener\">creaci\u00f3n de ERG<\/a> relacionados con temas LGBT+<\/strong>. Esto ayudar\u00e1 a que las personas empleadas tengan una visi\u00f3n clara de que est\u00e1n en una organizaci\u00f3n en donde la diversidad es aceptada. <strong>Y no solo es importante la creaci\u00f3n del ERG, tambi\u00e9n se debe <a href=\"https:\/\/comprodiverso.com\/es\/inclusion-laboral\/como-profesionalizar-grupo-de-afinidad-erg-consejos-tips\/\" target=\"_blank\" rel=\"noreferrer noopener\">promover la participaci\u00f3n en el mismo<\/a><\/strong> en todos los niveles.<\/p>\n\n\n\n<p>Algo importante es que<strong> las personas empleadas ser\u00e1n quienes tomen la \u00faltima palabra sobre si deciden salir del cl\u00f3set o no dentro de sus trabajos<\/strong>. <\/p>\n\n\n\n<p>Con suerte, en el futuro no existir\u00e1n los cl\u00f3sets. Hasta que eso suceda, <strong>lo \u00fanico que una empresa puede hacer es visibilizar, apoyar y dar un trato equitativo a todas las personas LGBT+, para que aquellas que a\u00fan tengan miedo de salir del armario lo puedan hacer cuando se sientan listas<\/strong>.<\/p>\n\n\n\n<div style=\"height:40px\" aria-hidden=\"true\" class=\"wp-block-spacer\"><\/div>\n\n\n\n<h4 class=\"wp-block-heading\">\u00bfTe hab\u00edas puesto a pensar en las implicaciones que tiene que una persona salga del cl\u00f3set en su trabajo?<\/h4>\n\n\n\n<p>Con informaci\u00f3n de <a href=\"https:\/\/www.bbc.com\/mundo\/noticias-45829210\" target=\"_blank\" rel=\"noreferrer noopener\"><em>BBC<\/em><\/a>, <a href=\"https:\/\/www.homosensual.com\/lgbt\/origen-expresion-fecha-dia-para-salir-closet-coming-out-day-11-octubre\/\"><em>Homosensual<\/em><\/a>, <a href=\"https:\/\/web.archive.org\/web\/20070326092700\/http:\/\/query.nytimes.com\/gst\/fullpage.html?sec=health&amp;res=9B0DE7DA1E3CF931A25753C1A961948260\" target=\"_blank\" rel=\"noreferrer noopener\"><em>New York Times<\/em><\/a> e <a href=\"https:\/\/www.inegi.org.mx\/contenidos\/programas\/endiseg\/2021\/doc\/endiseg_2021_resultados.pdf\" target=\"_blank\" rel=\"noreferrer noopener\">Inegi<\/a><\/p>\n\n\n\n<p>Investigaci\u00f3n y edici\u00f3n realizadas por Jos\u00e9 Manuel R\u00edos y Mildred P\u00e9rez de la Torre<br><\/p>\n","protected":false},"excerpt":{"rendered":"<p>Una empresa puede ayudar a que su personal se sienta en confianza para salir del cl\u00f3set, aprende c\u00f3mo.<\/p>\n","protected":false},"author":5,"featured_media":3978,"comment_status":"closed","ping_status":"closed","sticky":false,"template":"","format":"standard","meta":{"footnotes":""},"categories":[80],"tags":[70,71,72,73],"class_list":["post-3964","post","type-post","status-publish","format-standard","has-post-thumbnail","hentry","category-efemerides","tag-diversidad","tag-equidad","tag-inclusion","tag-inclusion-laboral"],"_links":{"self":[{"href":"https:\/\/comprodiverso.com\/es\/wp-json\/wp\/v2\/posts\/3964","targetHints":{"allow":["GET"]}}],"collection":[{"href":"https:\/\/comprodiverso.com\/es\/wp-json\/wp\/v2\/posts"}],"about":[{"href":"https:\/\/comprodiverso.com\/es\/wp-json\/wp\/v2\/types\/post"}],"author":[{"embeddable":true,"href":"https:\/\/comprodiverso.com\/es\/wp-json\/wp\/v2\/users\/5"}],"replies":[{"embeddable":true,"href":"https:\/\/comprodiverso.com\/es\/wp-json\/wp\/v2\/comments?post=3964"}],"version-history":[{"count":5,"href":"https:\/\/comprodiverso.com\/es\/wp-json\/wp\/v2\/posts\/3964\/revisions"}],"predecessor-version":[{"id":3997,"href":"https:\/\/comprodiverso.com\/es\/wp-json\/wp\/v2\/posts\/3964\/revisions\/3997"}],"wp:featuredmedia":[{"embeddable":true,"href":"https:\/\/comprodiverso.com\/es\/wp-json\/wp\/v2\/media\/3978"}],"wp:attachment":[{"href":"https:\/\/comprodiverso.com\/es\/wp-json\/wp\/v2\/media?parent=3964"}],"wp:term":[{"taxonomy":"category","embeddable":true,"href":"https:\/\/comprodiverso.com\/es\/wp-json\/wp\/v2\/categories?post=3964"},{"taxonomy":"post_tag","embeddable":true,"href":"https:\/\/comprodiverso.com\/es\/wp-json\/wp\/v2\/tags?post=3964"}],"curies":[{"name":"wp","href":"https:\/\/api.w.org\/{rel}","templated":true}]}}