{"id":4076,"date":"2025-10-06T17:50:46","date_gmt":"2025-10-06T17:50:46","guid":{"rendered":"https:\/\/comprodiverso.com\/?p=4076"},"modified":"2025-10-13T16:27:53","modified_gmt":"2025-10-13T16:27:53","slug":"cancer-de-mama-acompanamiento-laboral-y-retorno-al-trabajo-tras-un-diagnostico","status":"publish","type":"post","link":"https:\/\/comprodiverso.com\/es\/efemerides\/cancer-de-mama-acompanamiento-laboral-y-retorno-al-trabajo-tras-un-diagnostico\/","title":{"rendered":"C\u00e1ncer de mama: Acompa\u00f1amiento laboral y retorno al trabajo tras un diagn\u00f3stico"},"content":{"rendered":"\n<h4 class=\"wp-block-heading\">El c\u00e1ncer de mama es una enfermedad que afecta mayoritariamente a las mujeres, conoce algunas estad\u00edsticas sobre este padecimiento en M\u00e9xico y c\u00f3mo se puede ayudar a que las personas se reintegren a su vida laboral luego de tenerlo.<\/h4>\n\n\n\n<p>Conoce el <strong>origen de esta efem\u00e9ride<\/strong>, algunas de las<strong> profesionistas a las que m\u00e1s afecta esta enfermedad<\/strong>, <strong>medidas de prevenci\u00f3n y la manera en que una empresa pueda facilitar que alguien retorne a su empleo <\/strong>tras un diagn\u00f3stico de c\u00e1ncer de mama.<\/p>\n\n\n\n<div style=\"height:39px\" aria-hidden=\"true\" class=\"wp-block-spacer\"><\/div>\n\n\n\n<h4 class=\"wp-block-heading\">\u00bfQu\u00e9 es y cu\u00e1ndo se conmemora el D\u00eda Internacional de la Lucha contra el C\u00e1ncer de Mama?<\/h4>\n\n\n\n<p>El <strong>19 de octubre se conmemora el D\u00eda Internacional de la Lucha contra el C\u00e1ncer de Mama<\/strong> a nivel mundial; sin embargo, durante <strong>todo el mes se realiza a nivel internacional una campa\u00f1a de sensibilizaci\u00f3n<\/strong> sobre este tema. Esta fecha <strong>se estableci\u00f3 en 1988 <\/strong>gracias a la Organizaci\u00f3n Mundial de la Salud (OMS).<\/p>\n\n\n\n<p><strong>El c\u00e1ncer de mama es una enfermedad que hace que las c\u00e9lulas de la gl\u00e1ndula mamaria se multipliquen de forma acelerada<\/strong>, lo que<strong> provoca un tumor <\/strong>que puede invadir tejidos cercanos a las mamas. <\/p>\n\n\n\n<p>La OMS<strong> explica que el tratamiento para eliminarlo puede variar y esto depende de qu\u00e9 tan avanzado est\u00e9 el padecimiento<\/strong>. Usualmente<strong> implica una cirug\u00eda para extirpar el tumor, radioterapia y tratamientos farmacol\u00f3gicos<\/strong>.<\/p>\n\n\n\n<p><strong>De acuerdo con la Organizaci\u00f3n Panamericana de la Salud (OPS), este tipo de c\u00e1ncer es el m\u00e1s com\u00fan en todo el mundo en las mujeres. <\/strong><\/p>\n\n\n\n<p>Si bien la enfermedad puede impactar a cualquier persona, <strong>es com\u00fan que exista mayor acceso a los servicios de salud en pa\u00edses con econom\u00edas m\u00e1s avanzadas en comparaci\u00f3n con los que tienen mercados emergentes<\/strong>. Esto evidencia que en algunos territorios ser\u00e1 m\u00e1s sencillo obtener un tratamiento para eliminar este tipo de c\u00e1ncer.<\/p>\n\n\n\n<div style=\"height:39px\" aria-hidden=\"true\" class=\"wp-block-spacer\"><\/div>\n\n\n\n<h4 class=\"wp-block-heading\">Est\u00e1d\u00edsticas del c\u00e1ncer de mama a nivel latinoamericano y en M\u00e9xico<\/h4>\n\n\n\n<p>Con base en datos de la OPS, <strong>a nivel Latinoam\u00e9rica y Caribe hubo 220 000&nbsp;nuevos diagn\u00f3sticos de c\u00e1ncer de mama en 2022<\/strong>. Adem\u00e1s, <strong>la tasa de mortalidad en mujeres menores de 50 a\u00f1os fue del 21% en Latinoam\u00e9rica<\/strong>, lo que <strong>contrasta con un 10% de Am\u00e9rica del Norte<\/strong>.<\/p>\n\n\n\n<p>Si pasamos a los <strong>datos espec\u00edficos de M\u00e9xico<\/strong>, el Instituto Nacional de Estad\u00edstica y Geograf\u00eda (Inegi) detall\u00f3 que<strong> en 2023 hubo 8034 muertes por c\u00e1ncer de mama en personas mayores de 20 a\u00f1os<\/strong>. Espec\u00edficamente, el <strong>99.5% de los casos ocurri\u00f3 en mujeres<\/strong>. <\/p>\n\n\n\n<div style=\"height:39px\" aria-hidden=\"true\" class=\"wp-block-spacer\"><\/div>\n\n\n\n<h4 class=\"wp-block-heading\">Recomendaciones para reducir el riesgo de tener c\u00e1ncer de mama<\/h4>\n\n\n\n<p>El <strong>Instituto Nacional de Salud P\u00fablica (INSP) <\/strong>explica que existen <strong>tres t\u00e9cnicas efectivas en la detecci\u00f3n precoz del c\u00e1ncer de mama<\/strong>, las cuales son:<\/p>\n\n\n\n<ul class=\"wp-block-list\">\n<li>revisi\u00f3n cl\u00ednica y evaluaci\u00f3n de los factores de riesgo por parte del m\u00e9dico;<\/li>\n\n\n\n<li>autoexploraci\u00f3n regular de las mamas;<\/li>\n\n\n\n<li>realizaci\u00f3n de una mamograf\u00eda de detecci\u00f3n (tamizaje).<\/li>\n<\/ul>\n\n\n\n<p>Adem\u00e1s, se recomienda una <strong>autoexploraci\u00f3n mensual a partir de los 20 a\u00f1os de edad<\/strong>, un <strong>examen cl\u00ednico anual desde de los 25 a\u00f1os<\/strong> y una <strong>mastograf\u00eda a partir de los 40 a\u00f1os<\/strong>. La mastograf\u00eda es una radiograf\u00eda que sirve para detectar n\u00f3dulos y quistes que son imposibles de detectar con un examen manual. <\/p>\n\n\n\n<figure class=\"wp-block-embed is-type-video is-provider-youtube wp-block-embed-youtube wp-embed-aspect-16-9 wp-has-aspect-ratio\"><div class=\"wp-block-embed__wrapper\">\n<iframe loading=\"lazy\" title=\"C\u00e1ncer de mama: AUTOEXPLORACI\u00d3N\" width=\"1150\" height=\"647\" src=\"https:\/\/www.youtube.com\/embed\/C0da5c1u3qs?feature=oembed\" frameborder=\"0\" allow=\"accelerometer; autoplay; clipboard-write; encrypted-media; gyroscope; picture-in-picture; web-share\" referrerpolicy=\"strict-origin-when-cross-origin\" allowfullscreen><\/iframe>\n<\/div><\/figure>\n\n\n\n<p>La cultura de la prevenci\u00f3n es muy importante, por lo que<strong> se recomienda tener un estilo de vida y h\u00e1bitos saludables<\/strong>. Algunas de las sugerencias son:<\/p>\n\n\n\n<ul class=\"wp-block-list\">\n<li><strong>no fumar y moderar el consumo del alcohol<\/strong>;<\/li>\n\n\n\n<li>tener una <strong>alimentaci\u00f3n balanceada<\/strong>;<\/li>\n\n\n\n<li><strong>consumir \u00e1cido f\u00f3lico<\/strong>;<\/li>\n\n\n\n<li>realizar <strong>actividad f\u00edsica<\/strong> al menos 30 minutos al d\u00eda.<\/li>\n<\/ul>\n\n\n\n<div style=\"height:39px\" aria-hidden=\"true\" class=\"wp-block-spacer\"><\/div>\n\n\n\n<h4 class=\"wp-block-heading\">\u00bfEl c\u00e1ncer de mama le puede dar a los hombres?<\/h4>\n\n\n\n<p><strong>Esta enfermedad es poco com\u00fan en los hombres; sin embargo, s\u00ed hay casos reportados. <\/strong>El Inegi inform\u00f3 que la <strong>incidencia del c\u00e1ncer de mama en 2019 fue de 0.42 nuevos casos por cada 100 000 hombres de 20 a\u00f1os y m\u00e1s<\/strong>.<\/p>\n\n\n\n<p>No obstante,<strong> no existen datos actualizados de cu\u00e1ntos casos hubo en 2023<\/strong>, a\u00f1o que se tom\u00f3 como referencia para obtener la informaci\u00f3n de las mujeres. Otra variante a considerar es que<strong> Inegi no diferencia si sucedi\u00f3 con hombres cisg\u00e9nero o trans<\/strong>. <\/p>\n\n\n\n<p>Por otro lado, <strong>s\u00ed se tiene cu\u00e1l fue el \u00edndice de mortalidad por c\u00e1ncer de mama en hombres mayores de 20 a\u00f1os hasta 2023<\/strong>, esto represent\u00f3 el <strong>0.5% de los fallecimientos en M\u00e9xico; es decir, 42 personas<\/strong>.<\/p>\n\n\n\n<p>Algunos de los<strong> factores de riesgo<\/strong> <strong>que aumentan la probabilidad de desarrollar c\u00e1ncer de mama en los hombres<\/strong> incluyen:<\/p>\n\n\n\n<ul class=\"wp-block-list\">\n<li>tener <strong>antecedentes familiares de c\u00e1ncer de mama<\/strong>;<\/li>\n\n\n\n<li><strong>haber usado f\u00e1rmacos con estr\u00f3geno <\/strong>para combatir el c\u00e1ncer de pr\u00f3stata;<\/li>\n\n\n\n<li><strong>haber recibido radioterapia en el t\u00f3rax<\/strong>;<\/li>\n\n\n\n<li><strong>padecer el s\u00edndrome de Klinefelter<\/strong>, pues puede hacer que el cuerpo produzca niveles m\u00e1s altos de estr\u00f3geno y niveles m\u00e1s bajos de andr\u00f3genos;<\/li>\n\n\n\n<li><strong>tener enfermedades hep\u00e1ticas<\/strong> (la cirrosis puede disminuir los niveles de andr\u00f3genos y aumentar los niveles de estr\u00f3geno).<\/li>\n<\/ul>\n\n\n\n<div style=\"height:39px\" aria-hidden=\"true\" class=\"wp-block-spacer\"><\/div>\n\n\n\n<h4 class=\"wp-block-heading\">\u00bfC\u00f3mo mejorar el retorno al trabajo de alguien que tuvo c\u00e1ncer de mama?<\/h4>\n\n\n\n<p>El <strong>Instituto Nacional de Seguridad y Salud en el Trabajo (INSST) de Espa\u00f1a realiz\u00f3 una gu\u00eda <\/strong>para el <strong>retorno al trabajo tras un diagn\u00f3stico de c\u00e1ncer de mama<\/strong>. Algunos de los puntos m\u00e1s destacables con los que puede apoyar una empresa son:<\/p>\n\n\n\n<ul class=\"wp-block-list\">\n<li><strong>realizar adaptaciones en las condiciones de trabajo<\/strong>, dise\u00f1o del puesto, tareas, duraci\u00f3n de la jornada y reducci\u00f3n de factores de estr\u00e9s;<\/li>\n\n\n\n<li>desarrollar <strong>actividades de prevenci\u00f3n de la salud <\/strong>en espacios laborales;<\/li>\n\n\n\n<li><strong>no descuidar la salud emocional y el apoyo psicol\u00f3gico <\/strong>luego de la vivencia de esta enfermedad; <\/li>\n\n\n\n<li><strong>promover el retorno a las actividades laborales cuando la persona est\u00e9 sana f\u00edsica y mentalmente<\/strong>.<\/li>\n<\/ul>\n\n\n\n<div style=\"height:39px\" aria-hidden=\"true\" class=\"wp-block-spacer\"><\/div>\n\n\n\n<h4 class=\"wp-block-heading\">Ocupaciones que tienen mayor riesgo de tener c\u00e1ncer de mama<\/h4>\n\n\n\n<p>El Centro Nacional de Epidemiolog\u00eda del Instituto de Salud Carlos III de Madrid (Espa\u00f1a) hizo una comparaci\u00f3n de diversos estudios epidemiol\u00f3gicos de 1993 al 2000, con el fin de descubrir si <strong>exist\u00edan ocupaciones que implicaban un riesgo mayor de desarrollar c\u00e1ncer de mama en las mujeres<\/strong>. <\/p>\n\n\n\n<p>El origen de los estudios era de diversos pa\u00edses como Estados Unidos, Canad\u00e1, Italia, Dinamarca, Reino Unido, China y Puerto Rico. <\/p>\n\n\n\n<p>Los resultados concluyeron que<strong> las secretarias, profesoras, peluqueras y trabajadoras de la industria sanitaria, farmac\u00e9utica, qu\u00edmica y de las telecomunicaciones<\/strong> <strong>tienen un mayor riesgo de desarrollar c\u00e1ncer de mama<\/strong>.<\/p>\n\n\n\n<p>No obstante, el art\u00edculo se\u00f1ala que <strong>existieron algunas limitantes para hacer el an\u00e1lisis<\/strong>:<\/p>\n\n\n\n<blockquote class=\"wp-block-quote is-layout-flow wp-block-quote-is-layout-flow\">\n<p>\u00abEn muchos de los estudios revisados no fue posible tener en cuenta los factores hormonales y reproductivos ni la fuerte influencia del nivel socioecon\u00f3mico, aspectos que adem\u00e1s est\u00e1n relacionados entre s\u00ed. Ambos explicar\u00edan el exceso de riesgo observado en algunas de las ocupaciones citadas, as\u00ed como la alta incidencia entre ejecutivas, profesionales y en mujeres con trabajo social y religioso\u00bb.<\/p>\n<\/blockquote>\n\n\n\n<div style=\"height:39px\" aria-hidden=\"true\" class=\"wp-block-spacer\"><\/div>\n\n\n\n<h4 class=\"wp-block-heading\">\u00bfConoc\u00edas estas medidas de prevenci\u00f3n y datos sobre el c\u00e1ncer de mama?<\/h4>\n\n\n\n<p>Con informaci\u00f3n de <a href=\"https:\/\/www.inegi.org.mx\/contenidos\/saladeprensa\/aproposito\/2024\/EAP_LuchaCMama24.pdf\" target=\"_blank\" rel=\"noreferrer noopener\">Inegi<\/a>, Gobierno de M\u00e9xico (<a href=\"https:\/\/www.gob.mx\/sep\/articulos\/dia-mundial-contra-el-cancer-de-mama\" target=\"_blank\" rel=\"noreferrer noopener\">1<\/a>, <a href=\"https:\/\/www.gob.mx\/profeco\/articulos\/mes-de-sensibilizacion-sobre-el-cancer-de-mama-223009\" target=\"_blank\" rel=\"noreferrer noopener\">2<\/a> y <a href=\"https:\/\/www.gob.mx\/imss\/articulos\/hombres-cuidense-del-cancer-de-mama?idiom=es\" target=\"_blank\" rel=\"noreferrer noopener\">3<\/a>), <em><a href=\"https:\/\/gacetasanitaria.org\/es-pdf-13032877\" target=\"_blank\" rel=\"noreferrer noopener\">Gaceta sanitaria<\/a><\/em>, <a href=\"https:\/\/www.paho.org\/es\/temas\/cancer-mama\" target=\"_blank\" rel=\"noreferrer noopener\">OPS<\/a>, <a href=\"https:\/\/www.insp.mx\/avisos\/19-de-octubre-dia-mundial-contra-el-cancer-de-mama\" target=\"_blank\" rel=\"noreferrer noopener\">INSP<\/a>, <a href=\"https:\/\/www.ilo.org\/sites\/default\/files\/wcmsp5\/groups\/public\/@ed_protect\/@protrav\/@safework\/documents\/instructionalmaterial\/wcms_329170.pdf\" target=\"_blank\" rel=\"noreferrer noopener\">OIT<\/a>, <a href=\"https:\/\/www.who.int\/es\/news-room\/fact-sheets\/detail\/breast-cancer\" target=\"_blank\" rel=\"noreferrer noopener\">OMS<\/a> e <a href=\"https:\/\/www.insst.es\/documents\/94886\/5326464\/Retorno+al+trabajo+tras+diagn%C3%B3stico+de+c%C3%A1ncer+de+mama+Factores+facilitadores+y+barreras+2023.pdf\/c080c270-9cf5-c503-f48b-48954f3c194e?t=1697647631904\" target=\"_blank\" rel=\"noreferrer noopener\">INSST<\/a><\/p>\n\n\n\n<p>Investigaci\u00f3n y edici\u00f3n realizadas por Jos\u00e9 Manuel R\u00edos, Rodrigo Hern\u00e1ndez y Mildred P\u00e9rez de la Torre<\/p>\n\n\n\n<figure class=\"wp-block-image\"><img loading=\"lazy\" decoding=\"async\" width=\"1920\" height=\"1080\" src=\"https:\/\/comprodiverso.com\/wp-content\/uploads\/2025\/09\/dia-internacional-lucha-cancer-de-mama.jpg\" alt=\"D\u00eda Internacional de la lucha contra el c\u00e1ncer de mama trabajo c\u00f3mo apoyar reintegraci\u00f3n laboral\" class=\"wp-image-4077\" srcset=\"https:\/\/comprodiverso.com\/wp-content\/uploads\/2025\/09\/dia-internacional-lucha-cancer-de-mama.jpg 1920w, https:\/\/comprodiverso.com\/wp-content\/uploads\/2025\/09\/dia-internacional-lucha-cancer-de-mama-300x169.jpg 300w, https:\/\/comprodiverso.com\/wp-content\/uploads\/2025\/09\/dia-internacional-lucha-cancer-de-mama-1024x576.jpg 1024w, https:\/\/comprodiverso.com\/wp-content\/uploads\/2025\/09\/dia-internacional-lucha-cancer-de-mama-768x432.jpg 768w, https:\/\/comprodiverso.com\/wp-content\/uploads\/2025\/09\/dia-internacional-lucha-cancer-de-mama-1536x864.jpg 1536w, https:\/\/comprodiverso.com\/wp-content\/uploads\/2025\/09\/dia-internacional-lucha-cancer-de-mama-18x10.jpg 18w\" sizes=\"auto, (max-width: 1920px) 100vw, 1920px\" \/><figcaption class=\"wp-element-caption\">Te explicamos c\u00f3mo puede ayudar una empresa u organizaci\u00f3n para el retorno laboral luego de que una persona tuvo c\u00e1ncer de mama. \/ Foto: Pexels<\/figcaption><\/figure>\n","protected":false},"excerpt":{"rendered":"<p>Ent\u00e9rate de c\u00f3mo una empresa puede apoyar a que una persona que tuvo c\u00e1ncer de mama retorne a sus actividades.<\/p>\n","protected":false},"author":5,"featured_media":4077,"comment_status":"closed","ping_status":"closed","sticky":false,"template":"","format":"standard","meta":{"footnotes":""},"categories":[80],"tags":[73],"class_list":["post-4076","post","type-post","status-publish","format-standard","has-post-thumbnail","hentry","category-efemerides","tag-inclusion-laboral"],"_links":{"self":[{"href":"https:\/\/comprodiverso.com\/es\/wp-json\/wp\/v2\/posts\/4076","targetHints":{"allow":["GET"]}}],"collection":[{"href":"https:\/\/comprodiverso.com\/es\/wp-json\/wp\/v2\/posts"}],"about":[{"href":"https:\/\/comprodiverso.com\/es\/wp-json\/wp\/v2\/types\/post"}],"author":[{"embeddable":true,"href":"https:\/\/comprodiverso.com\/es\/wp-json\/wp\/v2\/users\/5"}],"replies":[{"embeddable":true,"href":"https:\/\/comprodiverso.com\/es\/wp-json\/wp\/v2\/comments?post=4076"}],"version-history":[{"count":5,"href":"https:\/\/comprodiverso.com\/es\/wp-json\/wp\/v2\/posts\/4076\/revisions"}],"predecessor-version":[{"id":4145,"href":"https:\/\/comprodiverso.com\/es\/wp-json\/wp\/v2\/posts\/4076\/revisions\/4145"}],"wp:featuredmedia":[{"embeddable":true,"href":"https:\/\/comprodiverso.com\/es\/wp-json\/wp\/v2\/media\/4077"}],"wp:attachment":[{"href":"https:\/\/comprodiverso.com\/es\/wp-json\/wp\/v2\/media?parent=4076"}],"wp:term":[{"taxonomy":"category","embeddable":true,"href":"https:\/\/comprodiverso.com\/es\/wp-json\/wp\/v2\/categories?post=4076"},{"taxonomy":"post_tag","embeddable":true,"href":"https:\/\/comprodiverso.com\/es\/wp-json\/wp\/v2\/tags?post=4076"}],"curies":[{"name":"wp","href":"https:\/\/api.w.org\/{rel}","templated":true}]}}