{"id":1310,"date":"2016-06-06T11:26:02","date_gmt":"2016-06-06T11:26:02","guid":{"rendered":"http:\/\/demo.goodlayers.com\/infinite\/?p=1310"},"modified":"2016-06-06T11:26:02","modified_gmt":"2016-06-06T11:26:02","slug":"le-surfeur-va-vous-epoustoufler","status":"publish","type":"post","link":"https:\/\/comprodiverso.com\/fr\/blog\/le-surfeur-va-vous-epoustoufler\/","title":{"rendered":"L'homme qui surfe va vous \u00e9poustoufler"},"content":{"rendered":"<p>Une merveilleuse s\u00e9r\u00e9nit\u00e9 s'est empar\u00e9e de toute mon \u00e2me, comme ces doux matins de printemps que je savoure de tout mon c\u0153ur. Je suis seul et je ressens le charme de l'existence dans ce lieu, <strong>qui a \u00e9t\u00e9 cr\u00e9\u00e9e pour le bonheur des \u00e2mes comme la mienne<\/strong>. Je suis si heureux, mon cher ami, si absorb\u00e9 par le sentiment exquis d'une simple existence tranquille, que je n\u00e9glige mes talents. Je serais incapable de dessiner un seul trait en ce moment ; et pourtant je sens que je n'ai jamais \u00e9t\u00e9 un plus grand artiste qu'aujourd'hui.<\/p>\n<h5>Quand, alors que la belle vall\u00e9e regorge de<\/h5>\n<p>Lorsque la vapeur m'entoure et que le soleil m\u00e9ridien frappe la surface sup\u00e9rieure du feuillage imp\u00e9n\u00e9trable de mes arbres, et que quelques lueurs \u00e9gar\u00e9es s'infiltrent dans le sanctuaire int\u00e9rieur, je me jette parmi les hautes herbes pr\u00e8s du ruisseau qui ruisselle ; et, comme je suis couch\u00e9 pr\u00e8s de la terre, je remarque un millier de plantes inconnues : Quand j'entends le bourdonnement du petit monde parmi les tiges et que je me familiarise avec les innombrables formes indescriptibles des insectes et des mouches, je sens alors la pr\u00e9sence du Tout-Puissant, qui nous a form\u00e9s \u00e0 son image, et le souffle de cet amour universel qui nous porte et nous soutient, alors qu'il flotte autour de nous dans une \u00e9ternit\u00e9 de brume.<\/p>\n<blockquote><p>Une merveilleuse s\u00e9r\u00e9nit\u00e9 s'est empar\u00e9e de toute mon \u00e2me, comme ces douces matin\u00e9es de printemps qui, \u00e0 la fin de l'ann\u00e9e, sont devenues le point d'orgue de la vie de l'homme.<\/p><\/blockquote>\n<p>Une merveilleuse s\u00e9r\u00e9nit\u00e9 s'est empar\u00e9e de toute mon \u00e2me, comme ces doux matins de printemps que je savoure de tout mon c\u0153ur. Je suis seul, et je sens le charme de l'existence dans ce lieu, qui a \u00e9t\u00e9 cr\u00e9\u00e9 pour la f\u00e9licit\u00e9 des \u00e2mes comme la mienne. Je suis si heureux, mon cher ami, si absorb\u00e9 par l'exquise beaut\u00e9 de ce lieu.<\/p>\n<h6>Je me jette dans les hautes herbes<\/h6>\n<p>Je serais incapable de dessiner un seul trait en ce moment, et pourtant je sens que je n'ai jamais \u00e9t\u00e9 un plus grand artiste qu'aujourd'hui. Lorsque, tandis que la belle vall\u00e9e fourmille de vapeur autour de moi, que le soleil m\u00e9ridien frappe la surface sup\u00e9rieure du feuillage imp\u00e9n\u00e9trable de mes arbres et que quelques rares lueurs s'infiltrent dans le sanctuaire int\u00e9rieur, je me jette dans les hautes herbes, pr\u00e8s du ruisseau qui ruisselle, et que, couch\u00e9 pr\u00e8s de la terre, je remarque mille plantes inconnues, lorsque j'entends le bourdonnement du petit monde parmi les tiges, et que je me familiarise avec les innombrables formes indescriptibles des insectes et des plantes.<br \/>\n<span class=\"gdlr-core-space-shortcode\" style=\"margin-top: -10px ;\"  ><\/span><br \/>\n<figure id=\"attachment_1251\" aria-describedby=\"caption-attachment-1251\" style=\"width: 1920px\" class=\"wp-caption aligncenter\"><img loading=\"lazy\" decoding=\"async\" class=\"size-full wp-image-1251\" src=\"http:\/\/comprodiverso.com\/wp-content\/uploads\/2016\/06\/sunrise-phu-quoc-island-ocean.jpg\" alt=\"L\u00e9gende align\u00e9e ici\" width=\"1920\" height=\"1267\" srcset=\"https:\/\/comprodiverso.com\/wp-content\/uploads\/2016\/06\/sunrise-phu-quoc-island-ocean.jpg 1920w, https:\/\/comprodiverso.com\/wp-content\/uploads\/2016\/06\/sunrise-phu-quoc-island-ocean-300x198.jpg 300w, https:\/\/comprodiverso.com\/wp-content\/uploads\/2016\/06\/sunrise-phu-quoc-island-ocean-768x507.jpg 768w, https:\/\/comprodiverso.com\/wp-content\/uploads\/2016\/06\/sunrise-phu-quoc-island-ocean-1024x676.jpg 1024w, https:\/\/comprodiverso.com\/wp-content\/uploads\/2016\/06\/sunrise-phu-quoc-island-ocean-60x40.jpg 60w\" sizes=\"auto, (max-width: 1920px) 100vw, 1920px\" \/><figcaption id=\"caption-attachment-1251\" class=\"wp-caption-text\">L\u00e9gende align\u00e9e ici<\/figcaption><\/figure><br \/>\n<span class=\"gdlr-core-space-shortcode\" style=\"margin-top: 20px ;\"  ><\/span><\/p>\n<h6>Texte, c'est de l\u00e0 qu'il vient<\/h6>\n<p>Loin, tr\u00e8s loin, derri\u00e8re les montagnes de mots, loin des pays Vokalia et Consonantia, vivent les textes aveugles. S\u00e9par\u00e9s les uns des autres, ils vivent \u00e0 Bookmarksgrove, tout pr\u00e8s de la c\u00f4te de la S\u00e9mantique, un grand oc\u00e9an linguistique. Une petite rivi\u00e8re nomm\u00e9e Duden coule pr\u00e8s de chez eux et les approvisionne en regelialia. C'est un pays paradisiaque, dans lequel des parties de phrases r\u00f4ties volent dans votre bouche. M\u00eame le tout-puissant Pointage n'a aucun contr\u00f4le sur les textes aveugles - c'est une vie presque non orthographique. Un jour, cependant, une petite ligne de texte aveugle du nom de Lorem Ipsum a d\u00e9cid\u00e9 de partir pour le monde lointain de la grammaire. Le Grand Oxmox lui a d\u00e9conseill\u00e9 de le faire, parce qu'il y avait des milliers de mauvaises virgules, de points d'interrogation sauvages et de s\u00e9mikoli sournois, mais le Petit Oxmox lui a conseill\u00e9 de ne pas le faire.<\/p>\n<ul>\n<li>Tr\u00e8s loin, derri\u00e8re la montagne des mots<\/li>\n<li>Lorsqu'elle atteint les premi\u00e8res collines<\/li>\n<li>Une petite rivi\u00e8re nomm\u00e9e Duden coule<\/li>\n<li>Une petite rivi\u00e8re nomm\u00e9e Duden coule pr\u00e8s de leur plat.<\/li>\n<li>Tr\u00e8s loin, derri\u00e8re la montagne des mots<\/li>\n<\/ul>\n<p>Les Copy Writers lui ont tendu une embuscade, l'ont saoul\u00e9e avec Longe et Parole et l'ont entra\u00een\u00e9e dans leur agence, o\u00f9 ils l'ont maltrait\u00e9e pour leurs projets, encore et encore. Et si elle n'a pas \u00e9t\u00e9 r\u00e9\u00e9crite, c'est qu'ils l'utilisent encore.Tr\u00e8s loin, derri\u00e8re les montagnes de mots, loin des pays Vokalia et Consonantia, vivent les textes aveugles. S\u00e9par\u00e9s, ils vivent \u00e0 Bookmarksgrove, sur la c\u00f4te de la S\u00e9mantique, un vaste oc\u00e9an linguistique. Une petite rivi\u00e8re nomm\u00e9e Duden coule pr\u00e8s de leur assiette.<\/p>","protected":false},"excerpt":{"rendered":"<p>A wonderful serenity has taken possession of my entire soul, like these sweet mornings of spring which I enjoy with my whole heart. I am alone, and feel the charm of existence in this spot, which was created for the bliss of souls like mine. I am so happy, my dear friend, so absorbed in [&hellip;]<\/p>\n","protected":false},"author":1,"featured_media":1249,"comment_status":"open","ping_status":"open","sticky":false,"template":"","format":"standard","meta":{"footnotes":""},"categories":[46],"tags":[54,41,42],"class_list":["post-1310","post","type-post","status-publish","format-standard","has-post-thumbnail","hentry","category-blog","tag-adventure","tag-ocean","tag-surf"],"_links":{"self":[{"href":"https:\/\/comprodiverso.com\/fr\/wp-json\/wp\/v2\/posts\/1310","targetHints":{"allow":["GET"]}}],"collection":[{"href":"https:\/\/comprodiverso.com\/fr\/wp-json\/wp\/v2\/posts"}],"about":[{"href":"https:\/\/comprodiverso.com\/fr\/wp-json\/wp\/v2\/types\/post"}],"author":[{"embeddable":true,"href":"https:\/\/comprodiverso.com\/fr\/wp-json\/wp\/v2\/users\/1"}],"replies":[{"embeddable":true,"href":"https:\/\/comprodiverso.com\/fr\/wp-json\/wp\/v2\/comments?post=1310"}],"version-history":[{"count":0,"href":"https:\/\/comprodiverso.com\/fr\/wp-json\/wp\/v2\/posts\/1310\/revisions"}],"wp:featuredmedia":[{"embeddable":true,"href":"https:\/\/comprodiverso.com\/fr\/wp-json\/wp\/v2\/media\/1249"}],"wp:attachment":[{"href":"https:\/\/comprodiverso.com\/fr\/wp-json\/wp\/v2\/media?parent=1310"}],"wp:term":[{"taxonomy":"category","embeddable":true,"href":"https:\/\/comprodiverso.com\/fr\/wp-json\/wp\/v2\/categories?post=1310"},{"taxonomy":"post_tag","embeddable":true,"href":"https:\/\/comprodiverso.com\/fr\/wp-json\/wp\/v2\/tags?post=1310"}],"curies":[{"name":"wp","href":"https:\/\/api.w.org\/{rel}","templated":true}]}}