{"id":3017,"date":"2025-07-04T16:46:32","date_gmt":"2025-07-04T16:46:32","guid":{"rendered":"https:\/\/comprodiverso.com\/?p=3017"},"modified":"2025-07-15T20:10:42","modified_gmt":"2025-07-15T20:10:42","slug":"test-je-suis-un-vrai-allie-lgbt","status":"publish","type":"post","link":"https:\/\/comprodiverso.com\/fr\/linclusion-dans-le-marche-du-travail\/test-je-suis-un-vrai-allie-lgbt\/","title":{"rendered":"Quiz : Suis-je vraiment un alli\u00e9 LGBT+ ?"},"content":{"rendered":"<h4 class=\"wp-block-heading\">Si vous pensez \u00eatre un alli\u00e9 de la population LGBT+, voici ce que vous pouvez faire. <em>test<\/em> vous aidera \u00e0 r\u00e9aliser \u00e0 quel point vous \u00eates une personne qui respecte et soutient les droits des personnes issues de la diversit\u00e9 sexuelle.<\/h4>\n\n\n\n<p>Qu'il s'agisse d'un environnement professionnel, scolaire ou social,<strong> il y a des personnes qui sont proches de la population LGBT+ en raison de leur soutien<\/strong>si vous voulez vous tester pour d\u00e9couvrir <strong>votre degr\u00e9 d'appartenance \u00e0 la population issue de la diversit\u00e9 sexuelle, nous avons ici les <em>test<\/em> parfait<\/strong>.<\/p>\n\n\n\n<p>Il est fr\u00e9quent qu'il y ait <strong>faux alli\u00e9s<\/strong> qui ne s'expriment qu'en paroles sont g\u00e9n\u00e9ralement ouverts sur ces questions, mais lorsqu'il s'agit de passer \u00e0 l'action, leur comportement est diff\u00e9rent. Comment vous voyez-vous ?<\/p>\n\n\n\n<div class=\"interact_responsive_padding\" style=\"padding:180% 0 0 0;position:relative;margin-bottom:5px;\"><div class=\"interact_responsive_wrapper\" style=\"height:100%;left:0;position:absolute;top:0;width:100%;\"><iframe loading=\"lazy\" id=\"interactApp62d1c10e10b9720018f5af58\" width=\"100%\" height=\"100%\" style=\"border:none;max-width:100%;margin:0;\" allowtransparency=\"true\" frameborder=\"0\" src=\"https:\/\/quiz.tryinteract.com\/#\/62d1c10e10b9720018f5af58?method=iframe\"><\/iframe><\/div><\/div>\n\n\n\n<h4 class=\"wp-block-heading has-text-align-left\">Comment vous \u00eates-vous d\u00e9brouill\u00e9 dans cette <em>test<\/em> pour savoir si vous \u00eates un alli\u00e9 LGBT+ ?<\/h4>\n\n\n\n<p>Les <strong>Le premier r\u00e9sultat a \u00e9t\u00e9 que vous \u00eates effectivement un alli\u00e9 LGBT+.<\/strong>. Si vous avez re\u00e7u ceci, c'est parce que vous \u00eates un<strong> une personne qui conna\u00eet la diversit\u00e9 de la population et, m\u00eame si vous n'en faites pas partie, vous \u00eates une personne qui d\u00e9fend ses membres<\/strong>.<\/p>\n\n\n\n<p>Croyez-vous en la <strong>l'\u00e9galit\u00e9<\/strong> <strong>des droits<\/strong>. D'autre part, vous savez que le respect est primordial et <strong>tout le monde m\u00e9rite le m\u00eame traitement<\/strong>. <\/p>\n\n\n\n<p>Le deuxi\u00e8me r\u00e9sultat concerne les personnes qui<strong> connaissent un peu les personnes LGBT+, mais ont encore du chemin \u00e0 faire pour devenir des alli\u00e9s.<\/strong>. Les personnes qui ont choisi cette option sont parce que <strong>sont de plus en plus ouverts \u00e0 la discussion sur les questions de diversit\u00e9.<\/strong>. Cependant, il reste <strong>certains comportements pourraient les rendre plus inclusifs<\/strong>.<\/p>\n\n\n\n<p>N'oubliez pas que <strong>respecter les pronoms<\/strong> et de les soutenir en cas de besoin est d'une grande importance. <\/p>\n\n\n\n<p>Enfin, <strong>le troisi\u00e8me r\u00e9sultat concernait les personnes r\u00e9ticentes \u00e0 aborder les questions li\u00e9es \u00e0 la diversit\u00e9 sexuelle<\/strong>. Si vous avez re\u00e7u ce message, il est bon de se rappeler qu'il appartient \u00e0 chacun de rendre le monde plus aimable.<\/p>\n\n\n\n<p><strong>Il ne co\u00fbte rien de respecter les personnes qui sont diff\u00e9rentes de vous. L'avantage de ce r\u00e9sultat est que c'est toujours le bon moment pour commencer \u00e0 ouvrir son esprit. <\/strong>Avec le temps, vous deviendrez peut-\u00eatre un grand alli\u00e9 des LGBT+. <\/p>\n\n\n\n<div style=\"height:40px\" aria-hidden=\"true\" class=\"wp-block-spacer\"><\/div>\n\n\n\n<h4 class=\"wp-block-heading has-text-align-left\">Si vous n'avez pas obtenu le r\u00e9sultat escompt\u00e9, rappelez-vous que vous pouvez toujours faire un pas de plus pour devenir un grand alli\u00e9.<\/h4>\n\n\n\n<p>Texte de Jos\u00e9 Manuel R\u00edos<\/p>","protected":false},"excerpt":{"rendered":"<p>Ce quiz vous aidera \u00e0 d\u00e9terminer si vous \u00eates un alli\u00e9 LGBT+ ou si vous \u00eates loin de l'\u00eatre.<\/p>","protected":false},"author":5,"featured_media":3022,"comment_status":"open","ping_status":"open","sticky":false,"template":"","format":"standard","meta":{"footnotes":""},"categories":[76],"tags":[75,70,71,72,73,74],"class_list":["post-3017","post","type-post","status-publish","format-standard","has-post-thumbnail","hentry","category-inclusion-laboral","tag-aliado-lgbt","tag-diversidad","tag-equidad","tag-inclusion","tag-inclusion-laboral","tag-test"],"_links":{"self":[{"href":"https:\/\/comprodiverso.com\/fr\/wp-json\/wp\/v2\/posts\/3017","targetHints":{"allow":["GET"]}}],"collection":[{"href":"https:\/\/comprodiverso.com\/fr\/wp-json\/wp\/v2\/posts"}],"about":[{"href":"https:\/\/comprodiverso.com\/fr\/wp-json\/wp\/v2\/types\/post"}],"author":[{"embeddable":true,"href":"https:\/\/comprodiverso.com\/fr\/wp-json\/wp\/v2\/users\/5"}],"replies":[{"embeddable":true,"href":"https:\/\/comprodiverso.com\/fr\/wp-json\/wp\/v2\/comments?post=3017"}],"version-history":[{"count":5,"href":"https:\/\/comprodiverso.com\/fr\/wp-json\/wp\/v2\/posts\/3017\/revisions"}],"predecessor-version":[{"id":3155,"href":"https:\/\/comprodiverso.com\/fr\/wp-json\/wp\/v2\/posts\/3017\/revisions\/3155"}],"wp:featuredmedia":[{"embeddable":true,"href":"https:\/\/comprodiverso.com\/fr\/wp-json\/wp\/v2\/media\/3022"}],"wp:attachment":[{"href":"https:\/\/comprodiverso.com\/fr\/wp-json\/wp\/v2\/media?parent=3017"}],"wp:term":[{"taxonomy":"category","embeddable":true,"href":"https:\/\/comprodiverso.com\/fr\/wp-json\/wp\/v2\/categories?post=3017"},{"taxonomy":"post_tag","embeddable":true,"href":"https:\/\/comprodiverso.com\/fr\/wp-json\/wp\/v2\/tags?post=3017"}],"curies":[{"name":"wp","href":"https:\/\/api.w.org\/{rel}","templated":true}]}}