{"id":3104,"date":"2025-07-14T16:25:18","date_gmt":"2025-07-14T16:25:18","guid":{"rendered":"https:\/\/comprodiverso.com\/?p=3104"},"modified":"2025-07-15T20:10:00","modified_gmt":"2025-07-15T20:10:00","slug":"journee-internationale-des-personnes-non-binaires-14-juillet","status":"publish","type":"post","link":"https:\/\/comprodiverso.com\/fr\/ephemerides\/journee-internationale-des-personnes-non-binaires-14-juillet\/","title":{"rendered":"Journ\u00e9e internationale des personnes non binaires (14 juillet)"},"content":{"rendered":"<h4 class=\"wp-block-heading\">\u00c0 l'occasion de la Journ\u00e9e internationale des personnes non binaires, c\u00e9l\u00e9br\u00e9e le 14 juillet, voici quelques informations sur cette cat\u00e9gorie de la population et ce que vous devez prendre en compte.<\/h4>\n\n\n\n<p>\u00c9galement connu sous le nom de <strong>Journ\u00e9e internationale de la visibilit\u00e9 des personnes non binaires<\/strong>les <strong>Le 14 juillet marque la Journ\u00e9e internationale des personnes non binaires <\/strong>depuis 2012, selon l'Asociaci\u00f3n Familias Diversas Argentina (AFDA). Le choix de cette date correspond \u00e0 la p\u00e9riode interm\u00e9diaire entre le <strong>Journ\u00e9e internationale de la femme<\/strong> (<strong>8 mars<\/strong>) et le <strong>Journ\u00e9e internationale de l'homme<\/strong> (<strong>19 novembre<\/strong>).<\/p>\n\n\n\n<p><strong>Une personne non binaire ne s'identifie pas au genre qui lui a \u00e9t\u00e9 attribu\u00e9 \u00e0 la naissance. <\/strong>En ce sens,<strong> Le terme \"non-binaire\" est un terme g\u00e9n\u00e9rique qui recouvre diff\u00e9rentes identit\u00e9s de genre.<\/strong>.<\/p>\n\n\n\n<div style=\"height:40px\" aria-hidden=\"true\" class=\"wp-block-spacer\"><\/div>\n\n\n\n<h4 class=\"wp-block-heading\">Que signifie \u00eatre une personne non-binaire ?<\/h4>\n\n\n\n<p><strong>Non-binaire\", \"non-binaire sexu\u00e9\" ou \"personne non-binaire\".<\/strong><strong><em> <\/em><\/strong><strong>sont des termes g\u00e9n\u00e9riques utilis\u00e9s pour d\u00e9crire les identit\u00e9s qui ne rel\u00e8vent pas du binarisme de genre. <\/strong>En d'autres termes, ils ne s'identifient ni \u00e0 un homme ni \u00e0 une femme. Cette <strong>Cet ensemble d'identit\u00e9s s'inscrit \u00e9galement dans le spectre des identit\u00e9s trans.<\/strong>.<\/p>\n\n\n\n<p><strong>\u00catre une personne non binaire signifie remettre en question et briser le syst\u00e8me binaire du genre et le d\u00e9terminisme biologique au quotidien.<\/strong> C'est pourquoi l'importance de cette date d\u00e9coule des slogans par lesquels les personnes non binaires se rappellent que les syst\u00e8mes d'identification et de pens\u00e9e sont insuffisants pour revendiquer leur existence.&nbsp;<\/p>\n\n\n\n<p>Comme l'explique <strong>Lou Himes<\/strong> -qui se sp\u00e9cialise en psychologie et s'identifie comme une personne non binaire, <strong>les personnes non binaires n'op\u00e8rent pas dans des syst\u00e8mes socialement construits qui privil\u00e9gient l'id\u00e9e qu'il n'existe que deux cat\u00e9gories d'exp\u00e9riences de genre<\/strong>.<\/p>\n\n\n\n<p>Le fait d'\u00eatre une personne non binaire peut s'exprimer d'autant de mani\u00e8res diff\u00e9rentes qu'il y a d'humains dans le monde, par exemple, en tant que <strong>genre fluide<\/strong>,<strong> genre<\/strong> o <strong><em>genderqueer<\/em><\/strong><em>. <\/em>Il y a d'autres personnes qui se sentent toujours <strong>au milieu du spectre<\/strong> et d'autres le vivent davantage comme un <strong>m\u00e9lange d'hommes et de femmes<\/strong>. En outre, <strong>certains se sentent plus \u00e0 l'aise \u00e0 une extr\u00e9mit\u00e9 du binarisme qu'\u00e0 l'autre.<\/strong>.<\/p>\n\n\n\n<div style=\"height:40px\" aria-hidden=\"true\" class=\"wp-block-spacer\"><\/div>\n\n\n\n<h4 class=\"wp-block-heading\">La langue est un \u00e9l\u00e9ment important de la visibilit\u00e9 des personnes non binaires.<\/h4>\n\n\n\n<p>Le m\u00e9decin <strong>C\u00e9sar Torres Cruz<\/strong> (<strong>Centre de recherche et d'\u00e9tudes sur le genre, UNAM<\/strong>) stipule que<strong> la position des personnes non binaires \"va au-del\u00e0 de l'habillement\".<\/strong>. <strong>Les identit\u00e9s non binaires sont revendiqu\u00e9es par l'utilisation politique du langage.<\/strong><\/p>\n\n\n\n<p>Des sp\u00e9cialistes tels que le linguiste <strong>Santiago Kalinowsky<\/strong> (Acad\u00e9mie argentine des lettres), le professeur de langue et de litt\u00e9rature <strong>Romina Mc Cormack<\/strong> et le journaliste <strong>Florencia Alcaraz<\/strong> souligne que <strong>le langage non binaire est une \"intervention du discours public\".<\/strong>.&nbsp;<\/p>\n\n\n\n<p>En plus de \"sensibiliser \u00e0 la persistance de l'injustice sociale\", il met en \u00e9vidence des strat\u00e9gies linguistiques pour \u00e9viter de tomber dans des expressions racistes, misogynes, classistes, x\u00e9nophobes et valorisantes.<\/p>\n\n\n\n<p>En ce sens, l'une des manifestations linguistiques qui montre l'importance de la revendication d'une langue non binaire est la langue de Shakespeare. <strong>le \"misgendering\", c'est-\u00e0-dire l'action violente et g\u00e9n\u00e9ralement intentionnelle de nier l'identit\u00e9 de genre d'une personne<\/strong>.<strong> <\/strong>Cela peut se manifester par la <strong>l'utilisation incorrecte des pronoms<\/strong> ou dans le refus de reconna\u00eetre le pr\u00e9nom avec lequel une personne se sent \u00e0 l'aise. Ce refus <strong>est l'une des formes de violence les plus courantes pour ceux qui ne s'identifient pas au binarisme de genre, ne le reconnaissent pas ou ne s'expriment pas politiquement \u00e0 ce sujet.<\/strong>.<\/p>\n\n\n\n<div style=\"height:40px\" aria-hidden=\"true\" class=\"wp-block-spacer\"><\/div>\n\n\n\n<h4 class=\"wp-block-heading\">Pourquoi est-il important de rendre les personnes non binaires visibles ?<\/h4>\n\n\n\n<p>Le<strong> L'importance de la Journ\u00e9e internationale des personnes non binaires r\u00e9side dans la lutte de ce secteur de la population pour exiger sa reconnaissance mat\u00e9rielle.<\/strong>pour <strong>exprime son droit \u00e0 disposer d'un document officiel qui le valide en tant qu'\u00e9l\u00e9ment d'une citoyennet\u00e9<\/strong>.&nbsp;<\/p>\n\n\n\n<p><strong>Le Mexique est l'un des pays d'Am\u00e9rique latine o\u00f9 la reconnaissance de l'identit\u00e9 non binaire est un fait attest\u00e9 par des documents.<\/strong> en tant que <strong>CURP, acte de naissance, passeport et carte d'\u00e9lecteur<\/strong>. Si la mani\u00e8re dont l'identit\u00e9 non binaire est exprim\u00e9e fait encore l'objet de d\u00e9bats et peut \u00eatre am\u00e9lior\u00e9e pour mieux repr\u00e9senter les souhaits de la population, c'est une r\u00e9alit\u00e9 qu'une personne non binaire peut faire modifier ses documents officiels.<\/p>\n\n\n\n<p>L'une des plus importantes batailles des personnes non binaires concerne le droit \u00e0 la vie priv\u00e9e. <strong>le respect de leur identit\u00e9 dans l'environnement \u00e9ducatif et professionnel<\/strong>. De plus en plus de personnes exigent que leurs universit\u00e9s et leurs lieux de travail affichent le logo de l'Union europ\u00e9enne. <strong>option personne non binaire dans vos documents<\/strong> <strong>stagiaires<\/strong>.<\/p>\n\n\n\n<div style=\"height:40px\" aria-hidden=\"true\" class=\"wp-block-spacer\"><\/div>\n\n\n\n<h4 class=\"wp-block-heading\">Des symboles pour conna\u00eetre la population non binaire<\/h4>\n\n\n\n<p>Le drapeau non-binaire a \u00e9t\u00e9 con\u00e7u en 2014 par <strong>Kye Rowan afin d'avoir son propre symbole pour d\u00e9limiter les particularit\u00e9s entre les personnes qui s'identifient comme non-binaires.<\/strong>. Leurs couleurs et leurs significations sont les suivantes :<\/p>\n\n\n\n<ul class=\"wp-block-list\">\n<li>jaune (personnes qui ne s'identifient pas ou ne s'assument pas dans un syst\u00e8me binaire) ;<\/li>\n\n\n\n<li>blanc (pour regrouper les personnes qui s'assument comme \u00e9tant de plusieurs ou de tous les genres) ;<\/li>\n\n\n\n<li>violet (allusion \u00e0 ceux qui se situent quelque part entre le masculin et le f\u00e9minin ou un m\u00e9lange des deux) ;<\/li>\n\n\n\n<li>noirs (personnes qui ne s'assument pas comme \u00e9tant de quelque sexe que ce soit).<\/li>\n<\/ul>\n\n\n\n<div style=\"height:40px\" aria-hidden=\"true\" class=\"wp-block-spacer\"><\/div>\n\n\n\n<h4 class=\"wp-block-heading\">Vous disposez maintenant des \u00e9l\u00e9ments de base pour mesurer l'importance de la Journ\u00e9e internationale des personnes non binaires.<\/h4>\n\n\n\n<p>Sources : <em><a href=\"https:\/\/www.gaceta.unam.mx\/el-genero-no-binario-exige-ser-reconocido\/\" data-type=\"link\" data-id=\"https:\/\/www.gaceta.unam.mx\/el-genero-no-binario-exige-ser-reconocido\/\" target=\"_blank\" rel=\"noreferrer noopener\">Gazette de l'UNAM<\/a><\/em>, <em>Homosensuel<\/em> (<a href=\"https:\/\/www.homosensual.com\/lgbt\/diversidad\/que-es-ser-una-persona-trans-no-binaria\/\" data-type=\"link\" data-id=\"https:\/\/www.homosensual.com\/lgbt\/diversidad\/que-es-ser-una-persona-trans-no-binaria\/\" target=\"_blank\" rel=\"noreferrer noopener\">1<\/a> y <a href=\"https:\/\/www.homosensual.com\/lgbt\/diversidad\/formas-malgenerizacion-misgendering-afecta-salud-mental\/\" data-type=\"link\" data-id=\"https:\/\/www.homosensual.com\/lgbt\/diversidad\/formas-malgenerizacion-misgendering-afecta-salud-mental\/\" target=\"_blank\" rel=\"noreferrer noopener\">2<\/a>) y <em><a href=\"https:\/\/www.mispronombrescuentan.org\/docs\/Guia_NB_Sheets.pdf\" data-type=\"link\" data-id=\"https:\/\/www.mispronombrescuentan.org\/docs\/Guia_NB_Sheets.pdf\" target=\"_blank\" rel=\"noreferrer noopener\">Guide linguistique pour l'inclusion des personnes non binaires<\/a><\/em><\/p>\n\n\n\n<p><\/p>","protected":false},"excerpt":{"rendered":"<p>Pour c\u00e9l\u00e9brer et reconna\u00eetre l'existence de ce secteur de la population, nous vous pr\u00e9sentons les faits concernant la Journ\u00e9e internationale des personnes non binaires.<\/p>","protected":false},"author":2,"featured_media":3107,"comment_status":"closed","ping_status":"open","sticky":false,"template":"","format":"standard","meta":{"footnotes":""},"categories":[80],"tags":[70,71,72],"class_list":["post-3104","post","type-post","status-publish","format-standard","has-post-thumbnail","hentry","category-efemerides","tag-diversidad","tag-equidad","tag-inclusion"],"_links":{"self":[{"href":"https:\/\/comprodiverso.com\/fr\/wp-json\/wp\/v2\/posts\/3104","targetHints":{"allow":["GET"]}}],"collection":[{"href":"https:\/\/comprodiverso.com\/fr\/wp-json\/wp\/v2\/posts"}],"about":[{"href":"https:\/\/comprodiverso.com\/fr\/wp-json\/wp\/v2\/types\/post"}],"author":[{"embeddable":true,"href":"https:\/\/comprodiverso.com\/fr\/wp-json\/wp\/v2\/users\/2"}],"replies":[{"embeddable":true,"href":"https:\/\/comprodiverso.com\/fr\/wp-json\/wp\/v2\/comments?post=3104"}],"version-history":[{"count":4,"href":"https:\/\/comprodiverso.com\/fr\/wp-json\/wp\/v2\/posts\/3104\/revisions"}],"predecessor-version":[{"id":3153,"href":"https:\/\/comprodiverso.com\/fr\/wp-json\/wp\/v2\/posts\/3104\/revisions\/3153"}],"wp:featuredmedia":[{"embeddable":true,"href":"https:\/\/comprodiverso.com\/fr\/wp-json\/wp\/v2\/media\/3107"}],"wp:attachment":[{"href":"https:\/\/comprodiverso.com\/fr\/wp-json\/wp\/v2\/media?parent=3104"}],"wp:term":[{"taxonomy":"category","embeddable":true,"href":"https:\/\/comprodiverso.com\/fr\/wp-json\/wp\/v2\/categories?post=3104"},{"taxonomy":"post_tag","embeddable":true,"href":"https:\/\/comprodiverso.com\/fr\/wp-json\/wp\/v2\/tags?post=3104"}],"curies":[{"name":"wp","href":"https:\/\/api.w.org\/{rel}","templated":true}]}}