{"id":3112,"date":"2025-07-15T20:07:39","date_gmt":"2025-07-15T20:07:39","guid":{"rendered":"https:\/\/comprodiverso.com\/?p=3112"},"modified":"2025-07-17T23:10:14","modified_gmt":"2025-07-17T23:10:14","slug":"journee-internationale-de-la-drague-16-juillet","status":"publish","type":"post","link":"https:\/\/comprodiverso.com\/fr\/ephemerides\/journee-internationale-de-la-drague-16-juillet\/","title":{"rendered":"Journ\u00e9e internationale de la drague (16 juillet)"},"content":{"rendered":"<h4 class=\"wp-block-heading\">En tant qu'expression artistique pertinente pour la population LGBT+, voici quelques faits marquants de la Journ\u00e9e internationale LGBT+. <em>Tra\u00een\u00e9e<\/em>.<\/h4>\n\n\n\n<p>Les <strong>Journ\u00e9e internationale de la<em> Tra\u00een\u00e9e<\/em> a lieu tous les 16 juillet depuis 2009<\/strong> pour c\u00e9l\u00e9brer la <strong>la pertinence de cette forme d'art au sein de la population LGBT+ et au-del\u00e0.<\/strong>.<\/p>\n\n\n\n<p>Le pr\u00e9sent<strong> l'expression artistique consiste \u00e0 cr\u00e9er un personnage unique, ce qui permet d'explorer et de remettre en question le genre<\/strong>.<strong> <\/strong>Il n'y a pas de r\u00e8gle : certains praticiens concentrent leur art sur un domaine sp\u00e9cifique. <strong>d'autres se concentrent sur les d\u00e9guisements et il y a aussi ceux qui pr\u00e9f\u00e8rent des concepts plus alternatifs.<\/strong>.&nbsp;<\/p>\n\n\n\n<p>Les <strong><em>tra\u00eener<\/em><\/strong><strong> a un impact sur la diversit\u00e9 de la population, bien qu'elle ait \u00e9galement un impact sur l'environnement.<\/strong> <strong>est effectu\u00e9e par des personnes h\u00e9t\u00e9rosexuelles ou cisgenres<\/strong>.<\/p>\n\n\n\n<div style=\"height:40px\" aria-hidden=\"true\" class=\"wp-block-spacer\"><\/div>\n\n\n\n<h4 class=\"wp-block-heading\">Pourquoi la Journ\u00e9e internationale de l'enfance est-elle comm\u00e9mor\u00e9e ? <em>Tra\u00een\u00e9e<\/em>?<\/h4>\n\n\n\n<p><strong>Cr\u00e9\u00e9 par Adam Stewart<\/strong>un fan de cet art,<strong> cette journ\u00e9e donne un coup de pouce aux artistes du monde entier<\/strong>. Selon les termes de Stewart pour <em>Guide de l'homosexuel,<\/em><strong><em> <\/em>\"Chaque pays a ses propres id\u00e9es et qualit\u00e9s sur la mani\u00e8re dont un artiste doit se pr\u00e9senter, se sentir et agir. <em>tra\u00eener<\/em>\"<\/strong>L'objectif de la Journ\u00e9e internationale des peuples autochtones est donc de<em> Tra\u00een\u00e9e <\/em>est <strong>r\u00e9unir ces diff\u00e9rents types d'artistes et les mettre sous les feux de la rampe<\/strong>en particulier les <em>drag kings<\/em>qui n'ont pas \u00e9t\u00e9 sous les feux de la rampe dans une certaine mesure.<\/p>\n\n\n\n<div style=\"height:40px\" aria-hidden=\"true\" class=\"wp-block-spacer\"><\/div>\n\n\n\n<h4 class=\"wp-block-heading\">L'importance sociale et culturelle de la <em>tra\u00eener<\/em><\/h4>\n\n\n\n<p>Cette journ\u00e9e nous permet de<strong> r\u00e9fl\u00e9chir au r\u00f4le de cette forme d'art dans la soci\u00e9t\u00e9<\/strong>. Bien entendu, <strong>pour beaucoup, la <\/strong><strong><em>tra\u00eener<\/em><\/strong><strong> ne se traduit que par des spectacles en direct et des <\/strong><strong><em>\u00e9missions de t\u00e9l\u00e9r\u00e9alit\u00e9<\/em><\/strong> (et il n'y a rien de mal \u00e0 cela). Cependant, il est important de <strong>r\u00e9\u00e9valuer le travail de ceux qui se consacrent \u00e0 l'\u00e9ducation et \u00e0 la formation. <\/strong><strong><em>tra\u00eener<\/em><\/strong><strong> dans d'autres domaines<\/strong>.<\/p>\n\n\n\n<p><strong>Les <\/strong><strong><em>tra\u00eener<\/em><\/strong><strong> peut \u00eatre impliqu\u00e9 dans la politique, car certains artistes incluent des protestations dans leurs spectacles qui interpr\u00e8tent ou traitent de questions ouvertement politiques et d'actualit\u00e9.<\/strong>.&nbsp;<\/p>\n\n\n\n<p>Y <strong>il y a aussi ceux qui font du travail social avec leur art<\/strong>. Par exemple, au Mexique et aux \u00c9tats-Unis, il existe le programme \"storytelling\".<strong> <\/strong><strong><em>Heure du conte pour drag-queens<\/em><\/strong>o\u00f9 les artistes <em>tra\u00eener<\/em> concentrer leurs <strong>des spectacles destin\u00e9s \u00e0 des publics d'enfants pour leur lire des histoires<\/strong>.<\/p>\n\n\n\n<div style=\"height:40px\" aria-hidden=\"true\" class=\"wp-block-spacer\"><\/div>\n\n\n\n<h4 class=\"wp-block-heading\">Il n'y a pas une seule bonne fa\u00e7on de pratiquer <em>tra\u00eener<\/em> et cette journ\u00e9e permet de c\u00e9l\u00e9brer toutes les expressions qu'elle englobe.\u00a0<\/h4>\n\n\n\n<p>Sources : <em><a href=\"https:\/\/web.archive.org\/web\/20190327101236\/http:\/\/guidetogay.com\/site\/the-news\/interviews\/914\/207\" data-type=\"link\" data-id=\"https:\/\/web.archive.org\/web\/20190327101236\/http:\/\/guidetogay.com\/site\/the-news\/interviews\/914\/207\" target=\"_blank\" rel=\"noreferrer noopener\">Guide de l'homosexualit\u00e9<\/a><\/em> y <em>Homosensuel<\/em> (<a href=\"https:\/\/www.homosensual.com\/entretenimiento\/drag\/dia-internacional-del-drag-que-es-cuando-16-de-julio-por-que-se-conmemora\/\" data-type=\"link\" data-id=\"https:\/\/www.homosensual.com\/entretenimiento\/drag\/dia-internacional-del-drag-que-es-cuando-16-de-julio-por-que-se-conmemora\/\" target=\"_blank\" rel=\"noreferrer noopener\">1<\/a> y <a href=\"https:\/\/www.homosensual.com\/entretenimiento\/drag\/drag-queen-story-hour-conquistara-a-publicos-de-fil-guadalajara-2021\/\" data-type=\"link\" data-id=\"https:\/\/www.homosensual.com\/entretenimiento\/drag\/drag-queen-story-hour-conquistara-a-publicos-de-fil-guadalajara-2021\/\" target=\"_blank\" rel=\"noreferrer noopener\">2<\/a>)<\/p>\n\n\n\n<p>Texte de Juan Manuel R\u00edos<\/p>","protected":false},"excerpt":{"rendered":"<p>En raison de la pertinence de cette expression artistique pour la population LGBT+, nous explorons l'histoire et l'importance de la Journ\u00e9e internationale des travestis.<\/p>","protected":false},"author":5,"featured_media":3146,"comment_status":"closed","ping_status":"open","sticky":false,"template":"","format":"standard","meta":{"footnotes":""},"categories":[80],"tags":[70,71,72],"class_list":["post-3112","post","type-post","status-publish","format-standard","has-post-thumbnail","hentry","category-efemerides","tag-diversidad","tag-equidad","tag-inclusion"],"_links":{"self":[{"href":"https:\/\/comprodiverso.com\/fr\/wp-json\/wp\/v2\/posts\/3112","targetHints":{"allow":["GET"]}}],"collection":[{"href":"https:\/\/comprodiverso.com\/fr\/wp-json\/wp\/v2\/posts"}],"about":[{"href":"https:\/\/comprodiverso.com\/fr\/wp-json\/wp\/v2\/types\/post"}],"author":[{"embeddable":true,"href":"https:\/\/comprodiverso.com\/fr\/wp-json\/wp\/v2\/users\/5"}],"replies":[{"embeddable":true,"href":"https:\/\/comprodiverso.com\/fr\/wp-json\/wp\/v2\/comments?post=3112"}],"version-history":[{"count":5,"href":"https:\/\/comprodiverso.com\/fr\/wp-json\/wp\/v2\/posts\/3112\/revisions"}],"predecessor-version":[{"id":3198,"href":"https:\/\/comprodiverso.com\/fr\/wp-json\/wp\/v2\/posts\/3112\/revisions\/3198"}],"wp:featuredmedia":[{"embeddable":true,"href":"https:\/\/comprodiverso.com\/fr\/wp-json\/wp\/v2\/media\/3146"}],"wp:attachment":[{"href":"https:\/\/comprodiverso.com\/fr\/wp-json\/wp\/v2\/media?parent=3112"}],"wp:term":[{"taxonomy":"category","embeddable":true,"href":"https:\/\/comprodiverso.com\/fr\/wp-json\/wp\/v2\/categories?post=3112"},{"taxonomy":"post_tag","embeddable":true,"href":"https:\/\/comprodiverso.com\/fr\/wp-json\/wp\/v2\/tags?post=3112"}],"curies":[{"name":"wp","href":"https:\/\/api.w.org\/{rel}","templated":true}]}}