{"id":3505,"date":"2025-08-06T18:52:34","date_gmt":"2025-08-06T18:52:34","guid":{"rendered":"https:\/\/comprodiverso.com\/?p=3505"},"modified":"2025-08-06T19:54:09","modified_gmt":"2025-08-06T19:54:09","slug":"impact-de-la-journee-internationale-des-peuples-autochtones-dans-le-domaine-du-travail","status":"publish","type":"post","link":"https:\/\/comprodiverso.com\/fr\/linclusion-dans-le-marche-du-travail\/impact-de-la-journee-internationale-des-peuples-autochtones-dans-le-domaine-du-travail\/","title":{"rendered":"Impact de la Journ\u00e9e internationale des peuples autochtones sur le monde du travail"},"content":{"rendered":"<h4 class=\"wp-block-heading\">Le 9 ao\u00fbt marque la Journ\u00e9e internationale des peuples autochtones et, dans le contexte du travail, cette date est l'occasion de r\u00e9fl\u00e9chir et de renforcer l'engagement institutionnel de chaque entreprise en faveur de l'inclusion, de l'\u00e9quit\u00e9 et du respect des droits de l'homme de ce secteur de la population.<\/h4>\n\n\n\n<p>Les <strong>Journ\u00e9e internationale des populations autochtones du monde<\/strong> \u00e9tait <strong>\u00e9tabli par l'Assembl\u00e9e g\u00e9n\u00e9rale de l'Organisation des Nations unies<\/strong> lors d'une r\u00e9union qui s'est tenue le 23 d\u00e9cembre 1994 ; \u00e0 cette occasion <strong>il a \u00e9t\u00e9 convenu qu'elle serait comm\u00e9mor\u00e9e le 9 ao\u00fbt de chaque ann\u00e9e<\/strong>.<\/p>\n\n\n\n<p><strong>Le Mexique est un pays multiculturel.<\/strong> Dans notre contexte, cette journ\u00e9e nous permet de distinguer l'h\u00e9ritage et les contributions des peuples autochtones \u00e0 la culture nationale.<\/p>\n\n\n\n<p><strong>La reconnaissance des peuples autochtones se manifeste \u00e9galement dans l'environnement professionnel.<\/strong> Cela r\u00e9pond non seulement \u00e0 un engagement en mati\u00e8re d'\u00e9thique et de droits de l'homme, mais aussi \u00e0 un engagement en mati\u00e8re d'environnement.<strong> renforce les principes de durabilit\u00e9, d'innovation et de justice sociale au sein de l'organisation<\/strong>.<\/p>\n\n\n\n<figure class=\"wp-block-image size-large\"><img loading=\"lazy\" decoding=\"async\" width=\"1024\" height=\"405\" src=\"http:\/\/comprodiverso.com\/wp-content\/uploads\/2025\/08\/buenas-practicas-trabajar-comunidades-pueblos-indigenas-comprodiverso-1024x405.jpg\" alt=\"session sur les bonnes pratiques communaut\u00e9s iberdrola peuples indig\u00e8nes comprodiverso\" class=\"wp-image-3536\" srcset=\"https:\/\/comprodiverso.com\/wp-content\/uploads\/2025\/08\/buenas-practicas-trabajar-comunidades-pueblos-indigenas-comprodiverso-1024x405.jpg 1024w, https:\/\/comprodiverso.com\/wp-content\/uploads\/2025\/08\/buenas-practicas-trabajar-comunidades-pueblos-indigenas-comprodiverso-300x119.jpg 300w, https:\/\/comprodiverso.com\/wp-content\/uploads\/2025\/08\/buenas-practicas-trabajar-comunidades-pueblos-indigenas-comprodiverso-768x304.jpg 768w, https:\/\/comprodiverso.com\/wp-content\/uploads\/2025\/08\/buenas-practicas-trabajar-comunidades-pueblos-indigenas-comprodiverso-18x7.jpg 18w, https:\/\/comprodiverso.com\/wp-content\/uploads\/2025\/08\/buenas-practicas-trabajar-comunidades-pueblos-indigenas-comprodiverso.jpg 1200w\" sizes=\"auto, (max-width: 1024px) 100vw, 1024px\" \/><\/figure>\n\n\n\n<p><em>Vous voulez en savoir plus ? <strong><a href=\"https:\/\/events.teams.microsoft.com\/event\/7040d028-6036-4c7f-bd03-c689e5c56877@67acac1f-c4cf-433c-93a1-935f5bf430ab\">Inscrivez-vous ici<\/a> et participez \u00e0 notre session virtuelle sur les meilleures pratiques<\/strong> sur <strong>jeudi 14 ao\u00fbt<\/strong>o\u00f9 nous d\u00e9couvrirons l'histoire de la r\u00e9ussite d'Iberdrola, une soci\u00e9t\u00e9 affili\u00e9e qui collabore avec les communaut\u00e9s indig\u00e8nes.<\/em><\/p>\n\n\n\n<div style=\"height:40px\" aria-hidden=\"true\" class=\"wp-block-spacer\"><\/div>\n\n\n\n<h4 class=\"wp-block-heading\">Quelle est la situation des personnes appartenant \u00e0 des peuples indig\u00e8nes dans le contexte du travail au Mexique et en Am\u00e9rique latine ?<\/h4>\n\n\n\n<p>Selon les donn\u00e9es du Conseil national de la population du Mexique (Conapo), <strong>19,4% de la population \u00e2g\u00e9e de trois ans et plus s'est identifi\u00e9e comme appartenant \u00e0 un peuple autochtone en 2020.<\/strong>. Cela \u00e9quivaut \u00e0<strong> plus de 23 millions d'habitants<\/strong>.<\/p>\n\n\n\n<p>En ce qui concerne le travail, les donn\u00e9es fournies par l'Organisation internationale du travail (OIT) en 2022, <strong>85% des personnes appartenant aux peuples indig\u00e8nes d'Am\u00e9rique latine et des Cara\u00efbes sont employ\u00e9es dans l'\u00e9conomie informelle.<\/strong>.<\/p>\n\n\n\n<p>Cela signifie que <strong>sont exclus de certains droits<\/strong> qu'ils pouvaient obtenir lorsqu'ils \u00e9taient dans le secteur formel, <strong>comme la s\u00e9curit\u00e9 sociale, les cong\u00e9s et les primes de No\u00ebl<\/strong>.<\/p>\n\n\n\n<p>D'autre part, il convient d'obtenir davantage d'informations de l'OIT,<strong> L'Am\u00e9rique latine est la r\u00e9gion o\u00f9 l'\u00e9cart entre les revenus du travail est le plus important<\/strong>. Cela signifie que <strong>les salaires des populations autochtones ne repr\u00e9sentent que 33% de ce que gagne en moyenne la population g\u00e9n\u00e9rale.<\/strong>.<\/p>\n\n\n\n<p>\u00c0 cet \u00e9gard, la Commission nationale des droits de l'homme (CNDH) d\u00e9clare dans son document <em>Le droit au travail des populations autochtones<\/em> que <strong>l'in\u00e9galit\u00e9 se perp\u00e9tue au Mexique<\/strong>:<\/p>\n\n\n\n<blockquote class=\"wp-block-quote is-layout-flow wp-block-quote-is-layout-flow\">\n<p>\"Le droit au travail des membres des peuples et communaut\u00e9s indig\u00e8nes accuse de grands retards qui n'ont pas encore \u00e9t\u00e9 combl\u00e9s, ce qui est fondamental pour la protection de ce secteur de la population mexicaine qui souffre de discrimination syst\u00e9matique et b\u00e9n\u00e9ficie de niveaux de protection sociale inf\u00e9rieurs \u00e0 la moyenne nationale\".<\/p>\n<\/blockquote>\n\n\n\n<p>Les <strong>reconnaissance des peuples autochtones sur le lieu de travail <\/strong>nous <strong>permet<\/strong>:<\/p>\n\n\n\n<ul class=\"wp-block-list\">\n<li><strong>comprendre les<\/strong> <strong>la diversit\u00e9 comme force institutionnelle <\/strong>qui nous rend plus pluralistes ;<\/li>\n\n\n\n<li><strong>innover dans les processus internes<\/strong> gr\u00e2ce aux connaissances des peuples autochtones dans divers domaines ;<\/li>\n\n\n\n<li><strong>atteindre les objectifs de d\u00e9veloppement durable de l'agenda 2030.<\/strong>en particulier ceux qui visent le travail d\u00e9cent et la r\u00e9duction des in\u00e9galit\u00e9s.<\/li>\n<\/ul>\n\n\n\n<div style=\"height:40px\" aria-hidden=\"true\" class=\"wp-block-spacer\"><\/div>\n\n\n\n<h4 class=\"wp-block-heading\">Que doit faire mon organisation pour am\u00e9liorer la situation des populations autochtones sur le lieu de travail ?<\/h4>\n\n\n\n<ul class=\"wp-block-list\">\n<li><strong>Disposer de politiques internes de lutte contre la discrimination <\/strong>en ce qui concerne les peuples autochtones.<\/li>\n\n\n\n<li><strong>Respecter la diversit\u00e9 culturelle et linguistique<\/strong> pour promouvoir une v\u00e9ritable inclusion. Voici quelques exemples<strong> mettre en \u0153uvre des formations et des \u00e9valuations dans les langues indig\u00e8nes <\/strong>s'il existe des partenaires des peuples autochtones.<\/li>\n\n\n\n<li><strong>Promouvoir une culture de l'\u00e9quit\u00e9<\/strong> du processus de recrutement au travail quotidien des personnes employ\u00e9es.<\/li>\n\n\n\n<li>Disposer d'un <strong>L'EGALITE DES SALAIRES<\/strong>.<\/li>\n\n\n\n<li><strong>Mettre en \u0153uvre des programmes de sensibilisation et de formation interculturelles. <\/strong>en rapport avec cette question.<\/li>\n<\/ul>\n\n\n\n<div style=\"height:40px\" aria-hidden=\"true\" class=\"wp-block-spacer\"><\/div>\n\n\n\n<figure class=\"wp-block-image size-large\"><img loading=\"lazy\" decoding=\"async\" width=\"1024\" height=\"405\" src=\"http:\/\/comprodiverso.com\/wp-content\/uploads\/2025\/08\/buenas-practicas-trabajar-comunidades-pueblos-indigenas-comprodiverso-1024x405.jpg\" alt=\"session sur les bonnes pratiques communaut\u00e9s iberdrola peuples indig\u00e8nes comprodiverso\" class=\"wp-image-3536\" srcset=\"https:\/\/comprodiverso.com\/wp-content\/uploads\/2025\/08\/buenas-practicas-trabajar-comunidades-pueblos-indigenas-comprodiverso-1024x405.jpg 1024w, https:\/\/comprodiverso.com\/wp-content\/uploads\/2025\/08\/buenas-practicas-trabajar-comunidades-pueblos-indigenas-comprodiverso-300x119.jpg 300w, https:\/\/comprodiverso.com\/wp-content\/uploads\/2025\/08\/buenas-practicas-trabajar-comunidades-pueblos-indigenas-comprodiverso-768x304.jpg 768w, https:\/\/comprodiverso.com\/wp-content\/uploads\/2025\/08\/buenas-practicas-trabajar-comunidades-pueblos-indigenas-comprodiverso-18x7.jpg 18w, https:\/\/comprodiverso.com\/wp-content\/uploads\/2025\/08\/buenas-practicas-trabajar-comunidades-pueblos-indigenas-comprodiverso.jpg 1200w\" sizes=\"auto, (max-width: 1024px) 100vw, 1024px\" \/><\/figure>\n\n\n\n<p><em>Vous voulez en savoir plus ? <strong><a href=\"https:\/\/events.teams.microsoft.com\/event\/7040d028-6036-4c7f-bd03-c689e5c56877@67acac1f-c4cf-433c-93a1-935f5bf430ab\">Inscrivez-vous ici<\/a> et participez \u00e0 notre session virtuelle sur les meilleures pratiques<\/strong> <em>sur <strong>jeudi 14 ao\u00fbt<\/strong><\/em>o\u00f9 nous d\u00e9couvrirons l'histoire de la r\u00e9ussite d'Iberdrola, une soci\u00e9t\u00e9 affili\u00e9e qui collabore avec les communaut\u00e9s indig\u00e8nes. <\/em><\/p>\n\n\n\n<h4 class=\"wp-block-heading\">Connaissiez-vous l'impact des peuples indig\u00e8nes sur le march\u00e9 du travail au Mexique et en Am\u00e9rique latine ?<\/h4>\n\n\n\n<p>Avec des informations provenant de <a href=\"https:\/\/www.cndh.org.mx\/sites\/all\/doc\/cartillas\/2015-2016\/01-DH-trabajo-indigenas.pdf\" target=\"_blank\" rel=\"noreferrer noopener\">CNDH<\/a>, <a href=\"https:\/\/www.gob.mx\/cms\/uploads\/attachment\/file\/907689\/Conapo.__2024_._Poblacion_indigena._Caracteristicas_sociodemograficas_2020..pdf\" target=\"_blank\" rel=\"noreferrer noopener\">Conapo<\/a>, <a href=\"https:\/\/www.ilo.org\/sites\/default\/files\/wcmsp5\/groups\/public\/%40americas\/%40ro-lima\/documents\/publication\/wcms_864130.pdf\" target=\"_blank\" rel=\"noreferrer noopener\">OIT<\/a> y <a href=\"https:\/\/www.jornada.com.mx\/2022\/12\/17\/economia\/016n1eco\" target=\"_blank\" rel=\"noreferrer noopener\"><em>La Jornada<\/em><\/a><\/p>\n\n\n\n<p>Recherches et r\u00e9daction par Jos\u00e9 Manuel R\u00edos, Rodrigo Hern\u00e1ndez Vera et Mildred P\u00e9rez de la Torre<\/p>","protected":false},"excerpt":{"rendered":"<p>Le 9 ao\u00fbt marque la Journ\u00e9e internationale des peuples autochtones. D\u00e9couvrez le contexte actuel du travail au Mexique et en Am\u00e9rique latine.<\/p>","protected":false},"author":5,"featured_media":3511,"comment_status":"closed","ping_status":"open","sticky":false,"template":"","format":"standard","meta":{"footnotes":""},"categories":[76],"tags":[70,71,72],"class_list":["post-3505","post","type-post","status-publish","format-standard","has-post-thumbnail","hentry","category-inclusion-laboral","tag-diversidad","tag-equidad","tag-inclusion"],"_links":{"self":[{"href":"https:\/\/comprodiverso.com\/fr\/wp-json\/wp\/v2\/posts\/3505","targetHints":{"allow":["GET"]}}],"collection":[{"href":"https:\/\/comprodiverso.com\/fr\/wp-json\/wp\/v2\/posts"}],"about":[{"href":"https:\/\/comprodiverso.com\/fr\/wp-json\/wp\/v2\/types\/post"}],"author":[{"embeddable":true,"href":"https:\/\/comprodiverso.com\/fr\/wp-json\/wp\/v2\/users\/5"}],"replies":[{"embeddable":true,"href":"https:\/\/comprodiverso.com\/fr\/wp-json\/wp\/v2\/comments?post=3505"}],"version-history":[{"count":5,"href":"https:\/\/comprodiverso.com\/fr\/wp-json\/wp\/v2\/posts\/3505\/revisions"}],"predecessor-version":[{"id":3545,"href":"https:\/\/comprodiverso.com\/fr\/wp-json\/wp\/v2\/posts\/3505\/revisions\/3545"}],"wp:featuredmedia":[{"embeddable":true,"href":"https:\/\/comprodiverso.com\/fr\/wp-json\/wp\/v2\/media\/3511"}],"wp:attachment":[{"href":"https:\/\/comprodiverso.com\/fr\/wp-json\/wp\/v2\/media?parent=3505"}],"wp:term":[{"taxonomy":"category","embeddable":true,"href":"https:\/\/comprodiverso.com\/fr\/wp-json\/wp\/v2\/categories?post=3505"},{"taxonomy":"post_tag","embeddable":true,"href":"https:\/\/comprodiverso.com\/fr\/wp-json\/wp\/v2\/tags?post=3505"}],"curies":[{"name":"wp","href":"https:\/\/api.w.org\/{rel}","templated":true}]}}