{"id":3518,"date":"2025-08-08T21:22:41","date_gmt":"2025-08-08T21:22:41","guid":{"rendered":"https:\/\/comprodiverso.com\/?p=3518"},"modified":"2025-08-12T00:02:44","modified_gmt":"2025-08-12T00:02:44","slug":"avantages-de-la-presence-de-jeunes-dans-votre-organisation-entreprise","status":"publish","type":"post","link":"https:\/\/comprodiverso.com\/fr\/linclusion-dans-le-marche-du-travail\/avantages-de-la-presence-de-jeunes-dans-votre-organisation-entreprise\/","title":{"rendered":"Les avantages de la pr\u00e9sence des jeunes dans votre organisation"},"content":{"rendered":"<h4 class=\"wp-block-heading\">Dans le cadre de la Journ\u00e9e internationale de la jeunesse du 12 ao\u00fbt, voici quelques avantages \u00e0 avoir des jeunes dans votre organisation.<\/h4>\n\n\n\n<p>Les <strong>les environnements professionnels deviennent de plus en plus dynamiques<\/strong> et il est n\u00e9cessaire de se tenir \u00e0 jour pour \u00eatre comp\u00e9titif ; c'est la raison pour laquelle, <strong>la pr\u00e9sence des jeunes dans la main-d'\u0153uvre est importante<\/strong>.<\/p>\n\n\n\n<p><strong>La Journ\u00e9e internationale de la jeunesse a \u00e9t\u00e9 adopt\u00e9e le 17 d\u00e9cembre 1999 par l'Assembl\u00e9e g\u00e9n\u00e9rale des Nations unies (ONU).<\/strong>Il a \u00e9t\u00e9 \u00e9tabli que <strong>serait comm\u00e9mor\u00e9e tous les 12 ao\u00fbt<\/strong>. Cette date est un excellent pr\u00e9texte pour rappeler que ces personnes <strong>repr\u00e9sentent un avantage strat\u00e9gique qui peut ouvrir la voie \u00e0 l'innovation <\/strong>dans les processus mis en \u0153uvre par les entreprises.<\/p>\n\n\n\n<p>Pour m\u00e9moire, <strong>le concept de \"jeunesse <\/strong>pour les Nations unies <strong>englobe<\/strong> <strong>les<\/strong> <strong>les personnes<\/strong> qui ont<strong> entre 15 et 24 ans<\/strong>.<\/p>\n\n\n\n<div style=\"height:40px\" aria-hidden=\"true\" class=\"wp-block-spacer\"><\/div>\n\n\n\n<h4 class=\"wp-block-heading\">Quels sont les avantages de la pr\u00e9sence de jeunes dans votre organisation ?<\/h4>\n\n\n\n<p>Les <strong>Fonds des Nations unies pour l'enfance (Unicef) <\/strong>a donn\u00e9 quelques <strong>avantages de l'embauche de jeunes dans les entreprises<\/strong>. En voici quelques-uns :<\/p>\n\n\n\n<ul class=\"wp-block-list\">\n<li><strong>Poss\u00e9der des id\u00e9es nouvelles et orient\u00e9es vers le changement<\/strong><\/li>\n<\/ul>\n\n\n\n<p>Il est fr\u00e9quent que les jeunes aient un <strong>une autre fa\u00e7on de faire et de penser<\/strong>. En outre, <strong>leur connaissance des technologies \u00e9mergentes et des tendances num\u00e9riques <\/strong>peut aider <strong>am\u00e9liorer et rationaliser les m\u00e9thodes de travail<\/strong>.<\/p>\n\n\n\n<ul class=\"wp-block-list\">\n<li><strong>Ils apprennent vite <\/strong><\/li>\n<\/ul>\n\n\n\n<p>En tant que population qui vient peut-\u00eatre de terminer ses \u00e9tudes,<strong> les jeunes professionnels ont g\u00e9n\u00e9ralement la volont\u00e9 d'acqu\u00e9rir de nouvelles comp\u00e9tences<\/strong> qui sont n\u00e9cessaires au travail quotidien.<\/p>\n\n\n\n<ul class=\"wp-block-list\">\n<li><strong>Une culture organisationnelle plus diversifi\u00e9e, plus collaborative et plus flexible est encourag\u00e9e.<\/strong><\/li>\n<\/ul>\n\n\n\n<p>Le <strong>la cr\u00e9ativit\u00e9<\/strong> de la jeunesse <strong>peuvent \u00eatre contrast\u00e9s <\/strong>avec le<strong> <\/strong>des g\u00e9n\u00e9rations qui ont d\u00e9j\u00e0 plus de <strong>exp\u00e9rience<\/strong>. Avoir <strong>une \u00e9quipe diversifi\u00e9e<\/strong> <strong>les questions li\u00e9es \u00e0 l'\u00e2ge peuvent aider \u00e0 r\u00e9soudre les conflits<\/strong>pour<strong> les perspectives se compl\u00e8tent<\/strong>.<\/p>\n\n\n\n<div style=\"height:40px\" aria-hidden=\"true\" class=\"wp-block-spacer\"><\/div>\n\n\n\n<h4 class=\"wp-block-heading\">L'importance d'avoir des groupes d'affinit\u00e9 multig\u00e9n\u00e9rationnels<\/h4>\n\n\n\n<p>En effet, il existe <strong>les entreprises qui ont <\/strong><a href=\"https:\/\/comprodiverso.com\/fr\/linclusion-dans-le-marche-du-travail\/quest-ce-que-lerg-limportance-des-groupes-de-ressources-pour-les-employes\/\" target=\"_blank\" rel=\"noreferrer noopener\"><strong>les groupes d'affinit\u00e9<\/strong> <\/a>qui sont <strong>partag\u00e9s entre les travailleurs de diff\u00e9rentes g\u00e9n\u00e9rations<\/strong>. Un exemple est le <strong>Le groupe Enlace Generacional d'Iberdrola Mexico<\/strong>qui est un espace de connaissance o\u00f9 coexistent <em>les baby-boomers<\/em>la g\u00e9n\u00e9ration X, <em>mill\u00e9naires<\/em> et la g\u00e9n\u00e9ration Z.<\/p>\n\n\n\n<p><strong>Novartis<\/strong> (PotGen), <strong>Daimler Truck <\/strong>(\u00c9change de sagesse), <strong>Johnson &amp; Johnson <\/strong>(Gen Now), <strong>MSD<\/strong> (r\u00e9seau de nouvelle g\u00e9n\u00e9ration) et <strong>Colgate-Palmolive<\/strong> sont quelques-unes des entreprises appartenant au r\u00e9seau de ComproDiverso o\u00f9 elles sont \u00e9galement<strong> il existe des groupes d'affinit\u00e9 de g\u00e9n\u00e9rations<\/strong>.<\/p>\n\n\n\n<p>La d\u00e9cision strat\u00e9gique d'int\u00e9grer les jeunes dans l'organisation permettra de <strong>d\u00e9velopper les professionnels en d\u00e9but de carri\u00e8re<\/strong>mais que <strong>finissent par devenir des leaders<\/strong> les d\u00e9cideurs de l'entreprise.<\/p>\n\n\n\n<p>Il ressort de ce qui pr\u00e9c\u00e8de que <strong>inclure les jeunes<\/strong> dans les \u00e9quipes de travail est une <strong>un pari qui permet \u00e0 une entreprise de construire son pr\u00e9sent et de conduire son avenir avec les id\u00e9es d'une nouvelle g\u00e9n\u00e9ration.<\/strong>. <\/p>\n\n\n\n<div style=\"height:40px\" aria-hidden=\"true\" class=\"wp-block-spacer\"><\/div>\n\n\n\n<h4 class=\"wp-block-heading\">Quels autres avantages incluriez-vous dans cette liste ?<\/h4>\n\n\n\n<p>Avec des informations provenant de <a href=\"https:\/\/www.un.org\/es\/global-issues\/youth\" target=\"_blank\" rel=\"noreferrer noopener\">ONU<\/a>, <a href=\"https:\/\/www.unicef.org\/thailand\/stories\/6-top-benefits-hiring-young-talent\" target=\"_blank\" rel=\"noreferrer noopener\">Unicef<\/a> e <a href=\"https:\/\/www.iberdrola.com\/trabaja-con-nosotros\/diversidad-generacional#:~:text=Clasificaci%C3%B3n%20de%20las%20generaciones,sin%20antes%20pararnos%20a%20cuestionarlos.\" target=\"_blank\" rel=\"noreferrer noopener\">Iberdrola<\/a><\/p>\n\n\n\n<p>Recherches de Jos\u00e9 Manuel R\u00edos<\/p>","protected":false},"excerpt":{"rendered":"<p>D\u00e9couvrez quelques-uns des avantages de la pr\u00e9sence de jeunes dans votre entreprise.<\/p>","protected":false},"author":5,"featured_media":3549,"comment_status":"closed","ping_status":"open","sticky":false,"template":"","format":"standard","meta":{"footnotes":""},"categories":[76],"tags":[70,71,72,73],"class_list":["post-3518","post","type-post","status-publish","format-standard","has-post-thumbnail","hentry","category-inclusion-laboral","tag-diversidad","tag-equidad","tag-inclusion","tag-inclusion-laboral"],"_links":{"self":[{"href":"https:\/\/comprodiverso.com\/fr\/wp-json\/wp\/v2\/posts\/3518","targetHints":{"allow":["GET"]}}],"collection":[{"href":"https:\/\/comprodiverso.com\/fr\/wp-json\/wp\/v2\/posts"}],"about":[{"href":"https:\/\/comprodiverso.com\/fr\/wp-json\/wp\/v2\/types\/post"}],"author":[{"embeddable":true,"href":"https:\/\/comprodiverso.com\/fr\/wp-json\/wp\/v2\/users\/5"}],"replies":[{"embeddable":true,"href":"https:\/\/comprodiverso.com\/fr\/wp-json\/wp\/v2\/comments?post=3518"}],"version-history":[{"count":5,"href":"https:\/\/comprodiverso.com\/fr\/wp-json\/wp\/v2\/posts\/3518\/revisions"}],"predecessor-version":[{"id":3604,"href":"https:\/\/comprodiverso.com\/fr\/wp-json\/wp\/v2\/posts\/3518\/revisions\/3604"}],"wp:featuredmedia":[{"embeddable":true,"href":"https:\/\/comprodiverso.com\/fr\/wp-json\/wp\/v2\/media\/3549"}],"wp:attachment":[{"href":"https:\/\/comprodiverso.com\/fr\/wp-json\/wp\/v2\/media?parent=3518"}],"wp:term":[{"taxonomy":"category","embeddable":true,"href":"https:\/\/comprodiverso.com\/fr\/wp-json\/wp\/v2\/categories?post=3518"},{"taxonomy":"post_tag","embeddable":true,"href":"https:\/\/comprodiverso.com\/fr\/wp-json\/wp\/v2\/tags?post=3518"}],"curies":[{"name":"wp","href":"https:\/\/api.w.org\/{rel}","templated":true}]}}