{"id":3674,"date":"2025-08-22T19:20:38","date_gmt":"2025-08-22T19:20:38","guid":{"rendered":"https:\/\/comprodiverso.com\/?p=3674"},"modified":"2025-08-22T19:20:39","modified_gmt":"2025-08-22T19:20:39","slug":"pertinence-de-la-journee-nationale-des-personnes-agees-la-langue-inclyente","status":"publish","type":"post","link":"https:\/\/comprodiverso.com\/fr\/linclusion-dans-le-marche-du-travail\/pertinence-de-la-journee-nationale-des-personnes-agees-la-langue-inclyente\/","title":{"rendered":"Environnements de travail avec des personnes \u00e2g\u00e9es : avantages, d\u00e9fis et comment les aborder"},"content":{"rendered":"<h4 class=\"wp-block-heading\">\u00c0 l'occasion du 28 ao\u00fbt, Journ\u00e9e nationale des personnes \u00e2g\u00e9es au Mexique, nous vous faisons part de certains avantages li\u00e9s \u00e0 leur pr\u00e9sence dans votre groupe de travail et de certains concepts avec lesquels il convient de ne pas se r\u00e9f\u00e9rer \u00e0 ce secteur de la population.<\/h4>\n\n\n\n<p>De <strong>En 1998, la Journ\u00e9e nationale des personnes \u00e2g\u00e9es a \u00e9t\u00e9 institu\u00e9e au Mexique.<\/strong>cette date est valable pour<strong> reconna\u00eetre les droits des<\/strong> ce groupe de population qui a<strong> 60 ans ou plus<\/strong>. Dans notre pays, il existe la<strong> Institut national des personnes \u00e2g\u00e9es (Inapam)<\/strong>qui a d\u00e9clar\u00e9 en 2020 que<strong> cette journ\u00e9e n'est pas seulement pour les f\u00e9liciter, c'est aussi une journ\u00e9e pour<\/strong> \"<strong>les reconna\u00eetre pour leurs contributions actuelles et potentielles <\/strong>au d\u00e9veloppement culturel, social, \u00e9conomique et politique de nos soci\u00e9t\u00e9s\".<\/p>\n\n\n\n<p>A <strong>une v\u00e9ritable inclusion<\/strong> des personnes \u00e2g\u00e9es est bas\u00e9e sur la <strong>principes de non-discrimination et de non-stigmatisation<\/strong>. A cette fin, il est n\u00e9cessaire de fournir <strong>de disposer d'une ind\u00e9pendance, d'une agence et d'une autonomie<\/strong> dans les activit\u00e9s qu'ils m\u00e8nent.<\/p>\n\n\n\n<p>En 2025, le Conseil national de la population (CONAPO) estime que<strong> Le Mexique compte plus de 17 millions de personnes \u00e2g\u00e9es de 60 ans ou plus.<\/strong>repr\u00e9sentant les<strong> 12,8% de la population <\/strong>total.<\/p>\n\n\n\n<p>Toutefois, les projections indiquent que <strong>ce chiffre continuera d'augmenter en raison de la baisse des taux de natalit\u00e9 et de l'allongement de l'esp\u00e9rance de vie.<\/strong>. Selon les donn\u00e9es de l'Instituto Nacional de Estad\u00edstica y Geograf\u00eda (Inegi), les <strong>l'esp\u00e9rance de vie<\/strong> pour les Mexicains est, en moyenne, de <strong>75 ans en 2025<\/strong>.<\/p>\n\n\n\n<div style=\"height:40px\" aria-hidden=\"true\" class=\"wp-block-spacer\"><\/div>\n\n\n\n<h4 class=\"wp-block-heading\">Avantages de la pr\u00e9sence de personnes \u00e2g\u00e9es dans mon organisation<\/h4>\n\n\n\n<p>Il existe plusieurs <strong>avantages de la pr\u00e9sence de personnes \u00e2g\u00e9es dans une entreprise<\/strong>. La premi\u00e8re, et peut-\u00eatre la plus pertinente, est sa <strong>exp\u00e9rience<\/strong>. Rappelons que le temps de travail d'une personne <strong>vous apporte des connaissances qui vous permettent d'avoir une vision strat\u00e9gique<\/strong> et un<strong> des comp\u00e9tences \u00e9tendues en mati\u00e8re de r\u00e9solution de probl\u00e8mes<\/strong>.<\/p>\n\n\n\n<p>Dans d'autres articles de ComproDiverso, nous avons mentionn\u00e9 qu'il est pertinent d'avoir un <strong><a href=\"https:\/\/comprodiverso.com\/fr\/linclusion-dans-le-marche-du-travail\/avantages-de-la-presence-de-jeunes-dans-votre-organisation-entreprise\/\">la diversit\u00e9 des \u00e2ges des membres d'une \u00e9quipe de travail<\/a><\/strong>. Les<strong> la coexistence interg\u00e9n\u00e9rationnelle <\/strong>est vitale, car elle peut g\u00e9n\u00e9rer une <strong>lien de mentorat <\/strong>entre un jeune et un adulte plus \u00e2g\u00e9, qui peut lui transmettre ses connaissances et ses valeurs.<\/p>\n\n\n\n<p>\u00c0 cet \u00e9gard, <strong>Patricia de la Guardia<\/strong>ing\u00e9nieur chimiste \u00e0 la retraite, nous<strong> a d\u00e9clar\u00e9 ce qui suit lors d'une formation priv\u00e9e destin\u00e9e aux entreprises membres de ComproDiverso<\/strong>:<\/p>\n\n\n\n<blockquote class=\"wp-block-quote is-layout-flow wp-block-quote-is-layout-flow\">\n<p>\"La coexistence d'\u00e2ges diff\u00e9rents est tr\u00e8s enrichissante, tant pour nous que pour les jeunes, car elle leur permet d'apprendre comment traiter les personnes \u00e2g\u00e9es. La possibilit\u00e9 de faire cohabiter des g\u00e9n\u00e9rations diff\u00e9rentes d\u00e8s le plus jeune \u00e2ge serait tr\u00e8s b\u00e9n\u00e9fique.<\/p>\n<\/blockquote>\n\n\n\n<p>En outre, un autre avantage est que les gens peuvent<strong> les femmes \u00e2g\u00e9es peuvent \u00eatre un exemple et une source d'inspiration <\/strong>pour les autres g\u00e9n\u00e9rations, car <strong>avoir une capacit\u00e9 d'adaptation <\/strong>ce qui leur a permis de passer plusieurs ann\u00e9es dans l'environnement professionnel. <\/p>\n\n\n\n<div style=\"height:40px\" aria-hidden=\"true\" class=\"wp-block-spacer\"><\/div>\n\n\n\n<h4 class=\"wp-block-heading\">Comment ne pas faire r\u00e9f\u00e9rence aux personnes \u00e2g\u00e9es<\/h4>\n\n\n\n<p>Sur le plan social, nous avons normalis\u00e9 de nombreuses <strong>des mots, des st\u00e9r\u00e9otypes, des moqueries ou des blagues qui peuvent \u00eatre stigmatisants et offensants <\/strong>envers les personnes \u00e2g\u00e9es. Voici quelques exemples<strong> vieil homme\", \"grand-p\u00e8re\", \"pensionado\", \"s\u00e9nile\", \"fossile\", \"senior\", \"viejita\", \"g\u00e9riatrique\", \"anciana\",<\/strong> entre autres.<\/p>\n\n\n\n<p>Sur cette question, <strong>Patricia de la Guardia<\/strong> a-t-il comment\u00e9 :<\/p>\n\n\n\n<blockquote class=\"wp-block-quote is-layout-flow wp-block-quote-is-layout-flow\">\n<p>\"Dans la rue, ils voient une personne \u00e2g\u00e9e et souvent ils nous \u00e9cartent. Ou bien, pour un petit oubli, ils nous disent : 'Oh, c'est parce qu'elle est vieille'. C'est une insulte. Il est insultant de dire que tout est justifi\u00e9 parce qu'elle est \u00e2g\u00e9e.<\/p>\n<\/blockquote>\n\n\n\n<p>Le texte ci-dessus <strong>les mots ne repr\u00e9sentent pas la dignit\u00e9 <\/strong>C'est pourquoi certains d'entre eux ont \u00e9t\u00e9 touch\u00e9s par la crise. C'est pourquoi certains d'entre eux ont \u00e9t\u00e9 touch\u00e9s par la crise. <strong>Vous trouverez ci-dessous des suggestions sur la mani\u00e8re de s'y r\u00e9f\u00e9rer :<\/strong><\/p>\n\n\n\n<ul class=\"wp-block-list\">\n<li><strong>personnes \u00e2g\u00e9es<\/strong><\/li>\n\n\n\n<li><strong>population \u00e2g\u00e9e<\/strong>.<\/li>\n<\/ul>\n\n\n\n<p>Les <strong>la langue est tr\u00e8s puissante <\/strong>et nous permet de <strong>la lutte contre les pr\u00e9jug\u00e9s<\/strong> \u00e0 l'\u00e9gard des personnes \u00e2g\u00e9es. L'Universit\u00e9 de l'Utah fait remarquer que <strong>le langage \u00e2giste est souvent utilis\u00e9 dans les conversations de tous les jours<\/strong> et nous l'avons tellement normalis\u00e9 que parfois nous ne le remarquons pas. <\/p>\n\n\n\n<p>Certains <strong>conseils<\/strong> que l'Universit\u00e9 de l'Utah offre :<\/p>\n\n\n\n<ul class=\"wp-block-list\">\n<li><strong>\u00c9vitez de parler des personnes \u00e2g\u00e9es en utilisant des termes tels que \"personnes \u00e2g\u00e9es\".<\/strong>Les images \u00e9voquent des images de <strong>fragilit\u00e9 et d\u00e9pendance<\/strong>. <\/li>\n\n\n\n<li><strong>Ne vous adressez pas \u00e0 eux de mani\u00e8re pu\u00e9rile ou comme si vous \u00e9tiez en train de faire de l'argent.<\/strong> ne pouvaient pas comprendre ce qu'on leur disait.<\/li>\n\n\n\n<li><strong>Reconna\u00eet ses capacit\u00e9s<\/strong> de prendre des d\u00e9cisions et de comprendre des situations complexes.<\/li>\n\n\n\n<li>Il est important de <strong>ne pas avoir de st\u00e9r\u00e9otypes sur l'apparence d'une personne \u00e2g\u00e9e<\/strong>. Il y a un grand <strong>la diversit\u00e9 dans le vieillissement<\/strong>\u00c0 ce stade de la vie, de nombreuses personnes sont encore actives, travaillent et pratiquent des activit\u00e9s physiques. En d'autres termes,<strong> il n'y a pas une seule fa\u00e7on de consid\u00e9rer une personne \u00e2g\u00e9e<\/strong>. <\/li>\n<\/ul>\n\n\n\n<div style=\"height:40px\" aria-hidden=\"true\" class=\"wp-block-spacer\"><\/div>\n\n\n\n<h4 class=\"wp-block-heading\">Discrimination des personnes \u00e2g\u00e9es sur le lieu de travail<\/h4>\n\n\n\n<p>Pour mettre en perspective la situation des personnes \u00e2g\u00e9es au Mexique, <strong>entre 2012 et 2020, le Conseil national pour la pr\u00e9vention des discriminations (Conapred) a qualifi\u00e9 242 dossiers <\/strong>comme all\u00e9gu\u00e9<strong> actes de discrimination <\/strong>\u00e0 l'\u00e9gard de ce groupe de population.<\/p>\n\n\n\n<p>Ce qui est important, c'est que la <strong>42,7% des cas sont survenus sur le lieu de travail.<\/strong>. Certains des <strong>Les droits les plus fr\u00e9quemment mentionn\u00e9s comme ayant \u00e9t\u00e9 viol\u00e9s sont le traitement dans la dignit\u00e9 et l'\u00e9galit\u00e9 des chances.<\/strong>. <\/p>\n\n\n\n<p>La Cour Supr\u00eame de Justice de la Nation rappelle dans son document <em>L'\u00e2ge comme facteur de discrimination sur le march\u00e9 du travail <\/em>que <strong>La discrimination est g\u00e9n\u00e9ralement li\u00e9e \u00e0<\/strong> certains <strong>st\u00e9r\u00e9otypes<\/strong>:<\/p>\n\n\n\n<blockquote class=\"wp-block-quote is-layout-flow wp-block-quote-is-layout-flow\">\n<p>\"La discrimination est souvent fond\u00e9e sur des st\u00e9r\u00e9otypes ou des stigmates associ\u00e9s \u00e0 l'\u00e2ge : pour les jeunes, l'inexp\u00e9rience ou le manque de comp\u00e9tences ou d'expertise ; pour les personnes \u00e2g\u00e9es, une productivit\u00e9 moindre, un manque d'adaptabilit\u00e9 au changement, des difficult\u00e9s \u00e0 s'adapter \u00e0 des d\u00e9cisions flexibles ou une moindre r\u00e9activit\u00e9.<\/p>\n<\/blockquote>\n\n\n\n<p>Revenons au cas de <strong>Patricia de la Guardia, qui aura 72 ans en 2025, a perdu une partie de ses droits \u00e0 la retraite.<\/strong> parce qu'elle n'a pas \u00e9t\u00e9 autoris\u00e9e \u00e0 terminer ses 28 ann\u00e9es de travail.<strong> Elle a \u00e9t\u00e9 contrainte de prendre une retraite \"volontaire\" dans l'entreprise o\u00f9 elle travaillait.<\/strong> \u00c0 ce sujet, elle a fait un commentaire :<\/p>\n\n\n\n<blockquote class=\"wp-block-quote is-layout-flow wp-block-quote-is-layout-flow\">\n<p>La retraite \"volontaire\" est une exp\u00e9rience tr\u00e8s violente.<\/p>\n<\/blockquote>\n\n\n\n<p>Avoir <strong>empathie<\/strong> avec les personnes \u00e2g\u00e9es dans les milieux professionnels et non professionnels est essentielle. Il s'agit de<strong> construira une soci\u00e9t\u00e9 plus humaine et plus respectueuse.<\/strong>o\u00f9 personne ne doit \u00eatre rendu invisible en raison de son \u00e2ge.<\/p>\n\n\n\n<div style=\"height:40px\" aria-hidden=\"true\" class=\"wp-block-spacer\"><\/div>\n\n\n\n<h4 class=\"wp-block-heading\">Connaissez-vous l'importance de la Journ\u00e9e nationale des personnes \u00e2g\u00e9es au Mexique ?<\/h4>\n\n\n\n<p>Avec des informations provenant de<a href=\"https:\/\/www.gob.mx\/salud\/articulos\/dia-nacional-de-las-personas-adultas-mayores-en-los-tiempos-de-covid-19?idiom=es\" target=\"_blank\" rel=\"noreferrer noopener\"> Gouvernement du Mexique<\/a>, <a href=\"https:\/\/www.datos.gob.mx\/dataset\/proyecciones-de-poblacion\/resource\/e9160552-769b-41ee-88d1-afc765552608\" target=\"_blank\" rel=\"noreferrer noopener\">Conapo<\/a>, <a href=\"https:\/\/www.inegi.org.mx\/app\/tabulados\/interactivos\/?pxq=Mortalidad_Mortalidad_09_b87a4bf1-9b47-442a-a5fc-ee5c65e37648\" target=\"_blank\" rel=\"noreferrer noopener\">INEGI<\/a>, <a href=\"https:\/\/www.scjn.gob.mx\/sites\/default\/files\/resenias_argumentativas\/documento\/2017-01\/res-AZLL-0992-14.pdf\" target=\"_blank\" rel=\"noreferrer noopener\">Cour supr\u00eame de justice de la nation<\/a>, <a href=\"https:\/\/www.conapred.org.mx\/wp-content\/uploads\/2024\/02\/FT_Mayores_Noviembre2023.pdf\" target=\"_blank\" rel=\"noreferrer noopener\">Conapred<\/a>, <a href=\"https:\/\/fundaciongabo.org\/es\/blog\/periodismosalud\/terminos-correctos-para-referirse-las-personas-mayores\" target=\"_blank\" rel=\"noreferrer noopener\">Fondation Gabo<\/a> y <a href=\"https:\/\/healthcare.utah.edu\/healthfeed\/2024\/12\/el-poder-del-lenguaje-en-el-cuidado-de-las-personas-mayores-reencuadrando-el\" target=\"_blank\" rel=\"noreferrer noopener\">Universit\u00e9 de l'Utah<\/a><\/p>\n\n\n\n<p>Recherches et r\u00e9daction par Jos\u00e9 Manuel R\u00edos et Mildred P\u00e9rez de la Torre<\/p>","protected":false},"excerpt":{"rendered":"<p>D\u00e9couvrez l'importance de la Journ\u00e9e nationale des personnes \u00e2g\u00e9es au Mexique.<\/p>","protected":false},"author":5,"featured_media":3679,"comment_status":"closed","ping_status":"closed","sticky":false,"template":"","format":"standard","meta":{"footnotes":""},"categories":[76],"tags":[70,71,72,73],"class_list":["post-3674","post","type-post","status-publish","format-standard","has-post-thumbnail","hentry","category-inclusion-laboral","tag-diversidad","tag-equidad","tag-inclusion","tag-inclusion-laboral"],"_links":{"self":[{"href":"https:\/\/comprodiverso.com\/fr\/wp-json\/wp\/v2\/posts\/3674","targetHints":{"allow":["GET"]}}],"collection":[{"href":"https:\/\/comprodiverso.com\/fr\/wp-json\/wp\/v2\/posts"}],"about":[{"href":"https:\/\/comprodiverso.com\/fr\/wp-json\/wp\/v2\/types\/post"}],"author":[{"embeddable":true,"href":"https:\/\/comprodiverso.com\/fr\/wp-json\/wp\/v2\/users\/5"}],"replies":[{"embeddable":true,"href":"https:\/\/comprodiverso.com\/fr\/wp-json\/wp\/v2\/comments?post=3674"}],"version-history":[{"count":4,"href":"https:\/\/comprodiverso.com\/fr\/wp-json\/wp\/v2\/posts\/3674\/revisions"}],"predecessor-version":[{"id":3727,"href":"https:\/\/comprodiverso.com\/fr\/wp-json\/wp\/v2\/posts\/3674\/revisions\/3727"}],"wp:featuredmedia":[{"embeddable":true,"href":"https:\/\/comprodiverso.com\/fr\/wp-json\/wp\/v2\/media\/3679"}],"wp:attachment":[{"href":"https:\/\/comprodiverso.com\/fr\/wp-json\/wp\/v2\/media?parent=3674"}],"wp:term":[{"taxonomy":"category","embeddable":true,"href":"https:\/\/comprodiverso.com\/fr\/wp-json\/wp\/v2\/categories?post=3674"},{"taxonomy":"post_tag","embeddable":true,"href":"https:\/\/comprodiverso.com\/fr\/wp-json\/wp\/v2\/tags?post=3674"}],"curies":[{"name":"wp","href":"https:\/\/api.w.org\/{rel}","templated":true}]}}