{"id":3799,"date":"2025-09-07T14:34:27","date_gmt":"2025-09-07T14:34:27","guid":{"rendered":"https:\/\/comprodiverso.com\/?p=3799"},"modified":"2025-09-08T15:09:39","modified_gmt":"2025-09-08T15:09:39","slug":"limpact-du-stress-chronique-sur-votre-sante-solutions-solutions-recommandations-conseils-controle","status":"publish","type":"post","link":"https:\/\/comprodiverso.com\/fr\/sante-mentale\/limpact-du-stress-chronique-sur-votre-sante-solutions-solutions-recommandations-conseils-controle\/","title":{"rendered":"L'impact du stress chronique sur votre sant\u00e9 et comment le r\u00e9duire"},"content":{"rendered":"<h4 class=\"wp-block-heading\">Le stress chronique est une situation \u00e0 laquelle de nombreux travailleurs sont confront\u00e9s sur leur lieu de travail. Voici les cons\u00e9quences et l'impact qu'il peut avoir sur la sant\u00e9 physique et mentale de l'homme.<\/h4>\n\n\n\n<p><strong>Vivre avec un stress chronique a un impact sur la vie quotidienne des gens<\/strong>Il s'agit d'un \u00e9tat d'alerte permanent. Il est important de savoir si une telle situation existe dans notre organisation, car <strong>peut avoir des effets n\u00e9gatifs sur la sant\u00e9 de l'\u00e9quipe de travail et sur le climat de travail.<\/strong>. <\/p>\n\n\n\n<div style=\"height:40px\" aria-hidden=\"true\" class=\"wp-block-spacer\"><\/div>\n\n\n\n<h4 class=\"wp-block-heading\">Qu'est-ce que c'est et quel est l'impact du stress chronique sur le lieu de travail ?<\/h4>\n\n\n\n<p>Le <strong>L'Organisation mondiale de la sant\u00e9 (OMS) d\u00e9finit le stress comme suit<\/strong> <strong>\"\u00e9tat de pr\u00e9occupation ou de tension mentale g\u00e9n\u00e9r\u00e9 par une situation difficile\".<\/strong>.<\/p>\n\n\n\n<p>Il est important de pr\u00e9ciser que <strong>il est normal que tout le monde soit confront\u00e9 \u00e0 un certain degr\u00e9 de stress.<\/strong>car il s'agit d'un<strong> r\u00e9ponse naturelle de notre corps et de notre esprit aux stimuli de la vie quotidienne<\/strong>. Cependant, il y a des moments o\u00f9 le stress peut nous envahir et nous submerger. <strong><a href=\"https:\/\/comprodiverso.com\/fr\/ephemerides\/premiers-secours-psychologiques-emotionnels-quest-ce-que-cest-et-a-quoi-cela-sert-il\/\" target=\"_blank\" rel=\"noreferrer noopener\">SAIT CE QUE SONT LES PREMIERS SECOURS \u00c9MOTIONNELS ET QUELLE EST LEUR FONCTION.<\/a><\/strong><\/p>\n\n\n\n<p>Dans le contexte de l'emploi, <strong>Le stress devient chronique lorsqu'une personne ne sort pas d'un \u00e9tat de vigilance provoqu\u00e9 par une situation au bureau.<\/strong>. Par exemple, soyez toujours avec <strong>pression pour faire ses devoirs<\/strong>ou<strong> l'instabilit\u00e9 \u00e9conomique<\/strong> dans l'organisation peuvent susciter des inqui\u00e9tudes. <\/p>\n\n\n\n<p><strong>Le stress chronique entra\u00eene un \u00e9puisement physique et mental<\/strong>Cela rendra <strong>l'\u00e9quipe n'a pas le m\u00eame niveau de performance pour atteindre les objectifs. <\/strong>devrait \u00eatre atteint. <\/p>\n\n\n\n<p><strong>Dr. Fany Lucero Gonz\u00e1lez Carmona<\/strong> est un psychologue qui a donn\u00e9 une session exclusive pour les entreprises membres de ComproDiverso. Au cours de la conversation, le sp\u00e9cialiste<strong> a fait remarquer que dans les cas extr\u00eames, le stress peut conduire \u00e0 des id\u00e9es suicidaires.<\/strong>:<\/p>\n\n\n\n<blockquote class=\"wp-block-quote is-layout-flow wp-block-quote-is-layout-flow\">\n<p>\"Le stress chronique se traduit par des sympt\u00f4mes dans notre \u00e9tat physique, dans notre \u00e9tat d'esprit et, bien s\u00fbr, dans nos performances professionnelles. Quelle est la chose la plus grave qui puisse r\u00e9sulter de ce probl\u00e8me de stress ? Il peut conduire \u00e0 des id\u00e9es suicidaires. <\/p>\n<\/blockquote>\n\n\n\n<div style=\"height:40px\" aria-hidden=\"true\" class=\"wp-block-spacer\"><\/div>\n\n\n\n<h4 class=\"wp-block-heading\">Signes indiquant qu'une personne peut vivre avec un stress chronique<\/h4>\n\n\n\n<p>Sur le th\u00e8me du stress chronique dans l'environnement de travail,<strong> Le Dr Gonz\u00e1lez explique que certains signes indiquent qu'une personne se trouve dans cet \u00e9tat de vigilance<\/strong>par exemple :<\/p>\n\n\n\n<ul class=\"wp-block-list\">\n<li>sent <strong>stress constant <\/strong>pendant le travail ;<\/li>\n\n\n\n<li><strong>a souvent envie de pleurer <\/strong>et sans raison ;<\/li>\n\n\n\n<li><strong>commet plusieurs erreurs dans les processus de travail<\/strong> qu'elle ma\u00eetrisait d\u00e9j\u00e0 ;<\/li>\n\n\n\n<li><strong>mange la plupart du temps<\/strong> ou \"botanea\" pendant le travail ;<\/li>\n\n\n\n<li>a <strong>fatigue<\/strong>m\u00eame si vous avez bien dormi ;<\/li>\n\n\n\n<li>son corps <strong>pr\u00e9sente des sympt\u00f4mes de gastrite, de colite et de bruxisme<\/strong>Ils disparaissent lorsque la personne part en vacances ; <\/li>\n\n\n\n<li><strong>ressent de l'ins\u00e9curit\u00e9 et de l'instabilit\u00e9<\/strong> dans le cadre de leur travail.<\/li>\n<\/ul>\n\n\n\n<p>De m\u00eame, il est fr\u00e9quent qu'une personne souffrant de stress chronique dise qu'elle<strong> a toujours un travail et n'a pas le temps de faire autre chose en dehors de son travail.<\/strong>.<\/p>\n\n\n\n<p>C'est peut-\u00eatre une bonne id\u00e9e <strong>r\u00e9aliser en permanence des sondages ou des enqu\u00eates aupr\u00e8s du groupe de travail<\/strong> pour <strong>en savoir un peu plus sur les niveaux de stress<\/strong> avec lesquels ils vivent au quotidien. Ainsi, l'entreprise pourra agir pour <strong>l'am\u00e9lioration de l'environnement de travail<\/strong>. <\/p>\n\n\n\n<div style=\"height:40px\" aria-hidden=\"true\" class=\"wp-block-spacer\"><\/div>\n\n\n\n<h4 class=\"wp-block-heading\">Recommandations pour g\u00e9rer et r\u00e9duire le stress<\/h4>\n\n\n\n<p>Il y a quelques <strong>Recommandations de l'OMS pour la gestion du stress<\/strong>. Ceux-ci <em>conseils<\/em> sont :<\/p>\n\n\n\n<ul class=\"wp-block-list\">\n<li><strong>suivre une routine quotidienne<\/strong> qui nous donne l'impression de contr\u00f4ler notre vie (il est important d'apprendre \u00e0 \u00eatre flexible avec elle afin qu'elle ne cr\u00e9e pas de stress si nous la suivons simplement) ;<\/li>\n\n\n\n<li><strong>d'avoir une bonne nuit de sommeil<\/strong>Pour ce faire, il convient d'\u00eatre coh\u00e9rent dans la <strong>bon<\/strong> <strong>les habitudes de sommeil<\/strong>comme \u00e9viter la caf\u00e9ine et r\u00e9duire l'utilisation des \u00e9crans avant d'aller se coucher ;<\/li>\n\n\n\n<li><strong>parlez \u00e0 des personnes en qui vous avez confiance<\/strong> sur les choses qui nous tiennent \u00e0 c\u0153ur ;<\/li>\n\n\n\n<li>porter un <strong>une alimentation saine et des repas pris de pr\u00e9f\u00e9rence aux m\u00eames heures de la journ\u00e9e<\/strong>;<\/li>\n\n\n\n<li><strong>exercice<\/strong> r\u00e9guli\u00e8rement.<\/li>\n<\/ul>\n\n\n\n<p>Bien qu'elles ne soient pas magiques, ces <em>conseils<\/em>peut \u00eatre tr\u00e8s utile pour contrer les sympt\u00f4mes du stress chronique. <\/p>\n\n\n\n<div style=\"height:40px\" aria-hidden=\"true\" class=\"wp-block-spacer\"><\/div>\n\n\n\n<h4 class=\"wp-block-heading\">Savez-vous quels sont les effets du stress chronique sur une personne et comment il peut \u00eatre g\u00e9r\u00e9 ?<\/h4>\n\n\n\n<p>Recherches et r\u00e9daction par Jos\u00e9 Manuel R\u00edos et Mildred P\u00e9rez de la Torre<\/p>\n\n\n\n<p>Avec des informations provenant de <a href=\"https:\/\/www.who.int\/es\/news-room\/questions-and-answers\/item\/stress\" target=\"_blank\" rel=\"noreferrer noopener\">OMS (ORGANISATION MONDIALE DE LA SANT\u00c9)<\/a><\/p>","protected":false},"excerpt":{"rendered":"<p>Apprenez \u00e0 lutter contre le stress chronique et ses effets sur votre sant\u00e9 et vos performances professionnelles.<\/p>","protected":false},"author":5,"featured_media":3800,"comment_status":"closed","ping_status":"closed","sticky":false,"template":"","format":"standard","meta":{"footnotes":""},"categories":[83],"tags":[82],"class_list":["post-3799","post","type-post","status-publish","format-standard","has-post-thumbnail","hentry","category-salud-mental","tag-salud-mental"],"_links":{"self":[{"href":"https:\/\/comprodiverso.com\/fr\/wp-json\/wp\/v2\/posts\/3799","targetHints":{"allow":["GET"]}}],"collection":[{"href":"https:\/\/comprodiverso.com\/fr\/wp-json\/wp\/v2\/posts"}],"about":[{"href":"https:\/\/comprodiverso.com\/fr\/wp-json\/wp\/v2\/types\/post"}],"author":[{"embeddable":true,"href":"https:\/\/comprodiverso.com\/fr\/wp-json\/wp\/v2\/users\/5"}],"replies":[{"embeddable":true,"href":"https:\/\/comprodiverso.com\/fr\/wp-json\/wp\/v2\/comments?post=3799"}],"version-history":[{"count":5,"href":"https:\/\/comprodiverso.com\/fr\/wp-json\/wp\/v2\/posts\/3799\/revisions"}],"predecessor-version":[{"id":3823,"href":"https:\/\/comprodiverso.com\/fr\/wp-json\/wp\/v2\/posts\/3799\/revisions\/3823"}],"wp:featuredmedia":[{"embeddable":true,"href":"https:\/\/comprodiverso.com\/fr\/wp-json\/wp\/v2\/media\/3800"}],"wp:attachment":[{"href":"https:\/\/comprodiverso.com\/fr\/wp-json\/wp\/v2\/media?parent=3799"}],"wp:term":[{"taxonomy":"category","embeddable":true,"href":"https:\/\/comprodiverso.com\/fr\/wp-json\/wp\/v2\/categories?post=3799"},{"taxonomy":"post_tag","embeddable":true,"href":"https:\/\/comprodiverso.com\/fr\/wp-json\/wp\/v2\/tags?post=3799"}],"curies":[{"name":"wp","href":"https:\/\/api.w.org\/{rel}","templated":true}]}}