{"id":3985,"date":"2025-09-22T16:41:21","date_gmt":"2025-09-22T16:41:21","guid":{"rendered":"https:\/\/comprodiverso.com\/?p=3985"},"modified":"2025-09-22T16:41:22","modified_gmt":"2025-09-22T16:41:22","slug":"journee-internationale-de-la-canne-blanche-15-octobre-objectif-signification-couleurs-mexique","status":"publish","type":"post","link":"https:\/\/comprodiverso.com\/fr\/ephemerides\/journee-internationale-de-la-canne-blanche-15-octobre-objectif-signification-couleurs-mexique\/","title":{"rendered":"Journ\u00e9e internationale de la canne blanche (15 octobre) : objectif et pertinence au Mexique"},"content":{"rendered":"\n<h4 class=\"wp-block-heading\"><strong>El bast\u00f3n blanco ayuda a las personas con una discapacidad visual a desplazarse de forma aut\u00f3noma, aqu\u00ed explicamos el origen del D\u00eda Internacional del Bast\u00f3n Blanco, cu\u00e1l es su importancia y qu\u00e9 caracter\u00edsticas debe tener este instrumento.<\/strong><\/h4>\n\n\n\n<p>Tener un d\u00eda especial nos permite <strong>reflexionar qu\u00e9 esfuerzos hacemos socialmente para que las personas con ceguera o alguna discapacidad visual tengan una completa inclusi\u00f3n y movilidad<\/strong>, aunque esto debe tenerse en cuenta durante todo el a\u00f1o.<\/p>\n\n\n\n<div style=\"height:40px\" aria-hidden=\"true\" class=\"wp-block-spacer\"><\/div>\n\n\n\n<h4 class=\"wp-block-heading\">\u00bfCu\u00e1ndo es el D\u00eda Internacional del Bast\u00f3n Blanco y cu\u00e1l es su historia y relevancia?<\/h4>\n\n\n\n<p><strong>Cada 15 de octubre se conmemora el D\u00eda Internacional del Bast\u00f3n Blanco.<\/strong> Esta efem\u00e9ride tiene<strong> origen en 1980, cuando la Uni\u00f3n Mundial de Ciegos formaliz\u00f3 el reconocimiento del bast\u00f3n<\/strong> como un <strong>emblema de autonom\u00eda e igualdad <\/strong>de oportunidades. <\/p>\n\n\n\n<p>Sin embargo, se tienen <strong>registros de que<\/strong>,<strong> desde 1964<\/strong>, el <strong>Congreso de Estados Unidos ya hab\u00eda reconocido que el bast\u00f3n blanco les permit\u00eda a las personas ciegas viajar de forma independiente <\/strong>y segura.<\/p>\n\n\n\n<p>La <strong>Federaci\u00f3n Nacional de Ciegos de los Estados Unidos explica<\/strong> que, con el tiempo, <strong>se ha dejado de ver al bast\u00f3n solo como un instrumento de seguridad, ahora tambi\u00e9n se le ve como un s\u00edmbolo de igualdad<\/strong>:<\/p>\n\n\n\n<blockquote class=\"wp-block-quote is-layout-flow wp-block-quote-is-layout-flow\">\n<p>\u00abSi bien el bast\u00f3n blanco protege a las personas ciegas (ya que los conductores y otros peatones pueden verlo f\u00e1cilmente), tambi\u00e9n es una herramienta que utilizan para explorar y desenvolverse en nuestro entorno. Por esta raz\u00f3n, el D\u00eda del Bast\u00f3n Blanco [&#8230;] se ha centrado en la independencia y la igualdad\u00bb.<\/p>\n<\/blockquote>\n\n\n\n<div style=\"height:40px\" aria-hidden=\"true\" class=\"wp-block-spacer\"><\/div>\n\n\n\n<h4 class=\"wp-block-heading\">Datos sobre personas con deficiencia visual en M\u00e9xico <\/h4>\n\n\n\n<p>Esta efem\u00e9ride tiene relevancia en el contexto mexicano, pues <strong>de acuerdo con el Instituto Nacional de Estad\u00edstica y Geograf\u00eda (Inegi), hasta 2020 exist\u00edan m\u00e1s de 2 millones de personas con deficiencia visual<\/strong>. Adem\u00e1s, si esto lo relacionamos con el entorno laboral, con base en el Inegi, <strong>solo un 38% de las personas mayores a 15 a\u00f1os con una discapacidad estaban econ\u00f3micamente activas<\/strong>.<\/p>\n\n\n\n<p>Esto nos permite reflexionar que <strong>a\u00fan es un reto para las personas con discapacidad el integrarse al mercado laboral<\/strong>. Eso s\u00ed,<strong> no se tienen cifras espec\u00edficas de qu\u00e9 porcentaje del 38% representa a la gente con debilidad visual<\/strong>; este podr\u00eda ser un dato que el siguiente censo del Inegi pueda especificar para evidenciar a\u00fan m\u00e1s la situaci\u00f3n.<\/p>\n\n\n\n<div style=\"height:40px\" aria-hidden=\"true\" class=\"wp-block-spacer\"><\/div>\n\n\n\n<h4 class=\"wp-block-heading\">\u00bfCu\u00e1l es la funci\u00f3n que tiene el bast\u00f3n blanco y qu\u00e9 caracter\u00edsticas debe tener?<\/h4>\n\n\n\n<p><strong>El bast\u00f3n funciona como una herramienta que otorga una movilidad aut\u00f3noma a las personas con debilidad visual. <\/strong>Sirve para<strong> indicar que el camino est\u00e1 libre de objetos u obst\u00e1culos <\/strong>que dificultar\u00edan andar de forma segura.<\/p>\n\n\n\n<p><strong>Los bastones suelen tener una altura de 1.05 a 1.20 metros<\/strong> (depende de la estatura de la persona). De igual manera, <strong>poseen una empu\u00f1adura de goma y, en la parte inferior, una puntilla met\u00e1lica rodante<\/strong>.<\/p>\n\n\n\n<div style=\"height:40px\" aria-hidden=\"true\" class=\"wp-block-spacer\"><\/div>\n\n\n\n<h4 class=\"wp-block-heading\">Significado de los colores de los bastones de personas con discapacidad visual<\/h4>\n\n\n\n<p><strong>Existe una simbolog\u00eda en los colores de los bastones<\/strong>:<\/p>\n\n\n\n<ul class=\"wp-block-list\">\n<li>los <strong>blancos<\/strong> son <strong>para personas con discapacidad visual<\/strong>;<\/li>\n\n\n\n<li>los que tienen<strong> franjas blancas y rojas <\/strong>son <strong>para quienes tienen sordoceguera<\/strong>;<\/li>\n\n\n\n<li>los <strong>verdes<\/strong> son para quienes <strong>viven con baja visi\u00f3n<\/strong>; es decir, que <strong>no tienen una ceguera total<\/strong>.<\/li>\n<\/ul>\n\n\n\n<div style=\"height:40px\" aria-hidden=\"true\" class=\"wp-block-spacer\"><\/div>\n\n\n\n<h4 class=\"wp-block-heading\">\u00bfQu\u00e9 adaptaciones pueden hacer las empresas para las personas con debilidad visual?<\/h4>\n\n\n\n<p>Lo primero que debe hacer una empresa que contratar\u00e1 a una persona con debilidad visual es<strong> adaptar las funciones que tiene su puesto<\/strong>, para asegurarse de que <strong>puede realizarlas de forma aut\u00f3noma<\/strong>. Asimismo, <strong>establecer si en alguna tarea necesitar\u00e1 ayuda de un colega<\/strong>.<\/p>\n\n\n\n<p>Por otro lado, la empresa puede<strong> evaluar si algunas actividades pueden realizarse desde casa<\/strong>. Esto puede ser muy funcional, pues<strong> la persona con la discapacidad ya estar\u00eda familiarizada con su espacio<\/strong> habitual.<\/p>\n\n\n\n<p>En caso de que las personas tuvieran que asistir a las oficinas,<strong> si las mismas necesitaran del apoyo de perros gu\u00eda<\/strong>,<strong> ser\u00eda ideal que los espacios estuvieran dise\u00f1ados para admitirlos<\/strong>.<\/p>\n\n\n\n<div style=\"height:40px\" aria-hidden=\"true\" class=\"wp-block-spacer\"><\/div>\n\n\n\n<h4 class=\"wp-block-heading\">\u00bfTe hab\u00edas puesto a pensar en la relevancia que tiene el bast\u00f3n blanco en las vidas de las personas con debilidad visual?<\/h4>\n\n\n\n<p>Con informaci\u00f3n de <a href=\"https:\/\/nfb.org\/programs-services\/blind-equality-achievement-month\/white-cane-awareness-day\" target=\"_blank\" rel=\"noreferrer noopener\">Federaci\u00f3n Nacional de Ciegos de los Estados Unidos<\/a>, <a href=\"https:\/\/www.inegi.org.mx\/contenidos\/saladeprensa\/aproposito\/2021\/EAP_PersDiscap21.pdf\" target=\"_blank\" rel=\"noreferrer noopener\">Inegi<\/a>, Gobierno de M\u00e9xico (<a href=\"https:\/\/www.gob.mx\/conadis\/articulos\/15-de-octubre-dia-internacional-del-baston-blanco\" target=\"_blank\" rel=\"noreferrer noopener\">1<\/a>, <a href=\"https:\/\/www.gob.mx\/profeco\/documentos\/ojo-con-tu-salud-visual?state=published\" target=\"_blank\" rel=\"noreferrer noopener\">2<\/a>) y <a href=\"https:\/\/www.iamhable.com\/es\/blogs\/articulo\/workplace-accommodations-for-visually-impaired#:~:text=Las%20t%C3%A9cnicas%20y%20los%20m%C3%A9todos\" target=\"_blank\" rel=\"noreferrer noopener\">Hable<\/a><\/p>\n\n\n\n<p>Investigaci\u00f3n y edici\u00f3n realizadas por Jos\u00e9 Manuel R\u00edos y Mildred P\u00e9rez de la Torre<\/p>\n","protected":false},"excerpt":{"rendered":"<p>D\u00e9couvrez l'int\u00e9r\u00eat des cannes blanches pour les personnes malvoyantes et leurs caract\u00e9ristiques. <\/p>","protected":false},"author":5,"featured_media":4003,"comment_status":"closed","ping_status":"closed","sticky":false,"template":"","format":"standard","meta":{"footnotes":""},"categories":[80],"tags":[70,71,72],"class_list":["post-3985","post","type-post","status-publish","format-standard","has-post-thumbnail","hentry","category-efemerides","tag-diversidad","tag-equidad","tag-inclusion"],"_links":{"self":[{"href":"https:\/\/comprodiverso.com\/fr\/wp-json\/wp\/v2\/posts\/3985","targetHints":{"allow":["GET"]}}],"collection":[{"href":"https:\/\/comprodiverso.com\/fr\/wp-json\/wp\/v2\/posts"}],"about":[{"href":"https:\/\/comprodiverso.com\/fr\/wp-json\/wp\/v2\/types\/post"}],"author":[{"embeddable":true,"href":"https:\/\/comprodiverso.com\/fr\/wp-json\/wp\/v2\/users\/5"}],"replies":[{"embeddable":true,"href":"https:\/\/comprodiverso.com\/fr\/wp-json\/wp\/v2\/comments?post=3985"}],"version-history":[{"count":4,"href":"https:\/\/comprodiverso.com\/fr\/wp-json\/wp\/v2\/posts\/3985\/revisions"}],"predecessor-version":[{"id":4037,"href":"https:\/\/comprodiverso.com\/fr\/wp-json\/wp\/v2\/posts\/3985\/revisions\/4037"}],"wp:featuredmedia":[{"embeddable":true,"href":"https:\/\/comprodiverso.com\/fr\/wp-json\/wp\/v2\/media\/4003"}],"wp:attachment":[{"href":"https:\/\/comprodiverso.com\/fr\/wp-json\/wp\/v2\/media?parent=3985"}],"wp:term":[{"taxonomy":"category","embeddable":true,"href":"https:\/\/comprodiverso.com\/fr\/wp-json\/wp\/v2\/categories?post=3985"},{"taxonomy":"post_tag","embeddable":true,"href":"https:\/\/comprodiverso.com\/fr\/wp-json\/wp\/v2\/tags?post=3985"}],"curies":[{"name":"wp","href":"https:\/\/api.w.org\/{rel}","templated":true}]}}