{"id":4061,"date":"2025-09-25T21:15:41","date_gmt":"2025-09-25T21:15:41","guid":{"rendered":"https:\/\/comprodiverso.com\/?p=4061"},"modified":"2025-10-17T19:44:40","modified_gmt":"2025-10-17T19:44:40","slug":"statistiques-inclusion-des-personnes-de-petite-taille-mexique","status":"publish","type":"post","link":"https:\/\/comprodiverso.com\/fr\/linclusion-dans-le-marche-du-travail\/statistiques-inclusion-des-personnes-de-petite-taille-mexique\/","title":{"rendered":"Statistiques et inclusion des personnes de petite taille au Mexique"},"content":{"rendered":"<h4 class=\"wp-block-heading\">La Journ\u00e9e mondiale des personnes \u00e0 mobilit\u00e9 r\u00e9duite (25 octobre) est une journ\u00e9e qui reconna\u00eet la diversit\u00e9 corporelle, les droits, l'inclusion et l'\u00e9galit\u00e9 des chances pour les personnes vivant avec ce handicap.<\/h4>\n\n\n\n<p>Dans un monde o\u00f9 l'inclusion est encore un objectif, <strong>Le 25 octobre, Journ\u00e9e mondiale des personnes de petite taille, invite \u00e0 r\u00e9fl\u00e9chir \u00e0 l'importance du respect et de l'\u00e9quit\u00e9 n\u00e9cessaires \u00e0 cette population.<\/strong>qui <strong>au Mexique est l\u00e9galement reconnue <\/strong>dans la cat\u00e9gorie <strong>les personnes vivant avec un handicap<\/strong>.<\/p>\n\n\n\n<div style=\"height:40px\" aria-hidden=\"true\" class=\"wp-block-spacer\"><\/div>\n\n\n\n<h4 class=\"wp-block-heading\">Histoire de la Journ\u00e9e mondiale des personnes de petite taille <\/h4>\n\n\n\n<p><strong>La Journ\u00e9e mondiale des personnes de petite taille est c\u00e9l\u00e9br\u00e9e le 25 octobre. <\/strong>Cette initiative <strong>a vu le jour en 2013 gr\u00e2ce \u00e0 l'organisation Little People of America.<\/strong>. <\/p>\n\n\n\n<p>L'une des figures dans laquelle<strong> a \u00e9t\u00e9 inspir\u00e9 par cet \u00e9ph\u00e9m\u00e9ride <\/strong>\u00e9tait <strong>l'acteur William John Bertanzetti (alias Billy Barty)<\/strong>d\u00e9c\u00e9d\u00e9 le 23 d\u00e9cembre 2000. <strong>C'est un homme de petite taille qui a fond\u00e9 Little People of America. <\/strong>L'association a \u00e9t\u00e9 fond\u00e9e en 1957 et a jou\u00e9 un r\u00f4le moteur dans la promotion de l'\u00e9galit\u00e9 des droits pour les personnes de petite taille aux \u00c9tats-Unis.<\/p>\n\n\n\n<p>Selon le Conseil pour la pr\u00e9vention et l'\u00e9limination de la discrimination (Copred), <strong>cette date a commenc\u00e9 \u00e0 \u00eatre comm\u00e9mor\u00e9e au Mexique en 2014.<\/strong>. En outre, <strong>Le 12 juillet 2018, une r\u00e9forme a modifi\u00e9 l'article 4 de la loi g\u00e9n\u00e9rale pour l'inclusion des personnes handicap\u00e9es.<\/strong>. Cela a \u00e9t\u00e9 fait afin de<strong> incluant l'achondroplasie ou la petite taille comme type de handicap<\/strong>.<\/p>\n\n\n\n<div style=\"height:40px\" aria-hidden=\"true\" class=\"wp-block-spacer\"><\/div>\n\n\n\n<h4 class=\"wp-block-heading\">Qui sont les personnes consid\u00e9r\u00e9es comme \u00e9tant de petite taille ?<\/h4>\n\n\n\n<p>Bas\u00e9 sur les donn\u00e9es de Little People of America,<strong> les personnes de petite taille ont une taille adulte de 1,48 m\u00e8tre ou moins<\/strong>. En outre, les<strong>Il existe au moins 400 formes diff\u00e9rentes de dysplasie du squelette.<\/strong>qui peut affecter les personnes de petite taille. Cependant, <strong>la maladie la plus courante est l'achondroplasie<\/strong>.<\/p>\n\n\n\n<p>L'un des points pertinents sur le th\u00e8me des personnes de petite taille est le suivant<strong> ne pas aborder cette question sous l'angle de l'habilitation ou les traiter comme des enfants <\/strong>\u00e0 l'\u00e2ge adulte. <\/p>\n\n\n\n<div style=\"height:40px\" aria-hidden=\"true\" class=\"wp-block-spacer\"><\/div>\n\n\n\n<h4 class=\"wp-block-heading\">Faits concernant les personnes de petite taille au Mexique<\/h4>\n\n\n\n<p>Au Mexique<strong> Il y a environ 11 000 personnes en situation de p\u00e9nurie<\/strong> selon les donn\u00e9es fournies par la Commission nationale des droits de l'homme (CNDH) en 2018. Cependant, <strong>il n'existe pas de chiffres officiels soutenus par l'Institut national de g\u00e9ographie et de statistique (Inegi).<\/strong>Le groupe de population n'a pas encore \u00e9t\u00e9 enregistr\u00e9.<\/p>\n\n\n\n<p><strong>Il est important pour Inegi de r\u00e9aliser une \u00e9tude d\u00e9mographique sur la population des personnes de petite taille au Mexique.<\/strong>Les donn\u00e9es pourraient r\u00e9v\u00e9ler quels sont les probl\u00e8mes les plus courants auxquels ils sont confront\u00e9s. En outre, les donn\u00e9es pourraient r\u00e9v\u00e9ler quels sont les probl\u00e8mes les plus courants auxquels ils sont confront\u00e9s, <strong>montrerait \u00e0 quel point l'inclusion et l'\u00e9galit\u00e9 des droits s'\u00e9tendent<\/strong> dans tous les domaines de la vie du pays.<\/p>\n\n\n\n<div style=\"height:40px\" aria-hidden=\"true\" class=\"wp-block-spacer\"><\/div>\n\n\n\n<h4 class=\"wp-block-heading\">Un langage appropri\u00e9 pour se r\u00e9f\u00e9rer \u00e0 ce secteur de la population<\/h4>\n\n\n\n<p>D'autre part,<strong> les termes \"nain\" et \"midget\" sont consid\u00e9r\u00e9s comme agressifs et p\u00e9joratifs <\/strong>pour d\u00e9signer cette population.<strong> La bonne fa\u00e7on de les d\u00e9signer est de les appeler \"personnes de petite taille\".<\/strong>ou, alternativement, seulement<strong> leur parler par leur nom<\/strong>.<\/p>\n\n\n\n<div style=\"height:40px\" aria-hidden=\"true\" class=\"wp-block-spacer\"><\/div>\n\n\n\n<h4 class=\"wp-block-heading\">La situation de l'emploi des personnes de petite taille au Mexique<\/h4>\n\n\n\n<p>Dans le cas du paysage du travail au Mexique, <strong>il n'y a pas de chiffres officiels qui permettent de savoir pr\u00e9cis\u00e9ment sur quoi travaillent les personnes en situation de p\u00e9nurie<\/strong>. Cependant, si l'on tient compte du fait que<strong> <\/strong>\u00e0<strong> reconnu l\u00e9galement comme un type de handicap<\/strong>Nous pouvons utiliser les chiffres d'Inegi pour 2020 : <strong>seulement 38% des personnes de plus de 15 ans souffrant d'un handicap \u00e9taient \u00e9conomiquement actives.<\/strong>.<\/p>\n\n\n\n<p>Cependant, <strong>il n'existe pas de donn\u00e9es permettant de savoir combien de personnes de petite taille sont incluses dans le secteur formel<\/strong> de l'\u00e9conomie. <\/p>\n\n\n\n<p>D'autre part, <strong>Jacob Zayas Garc\u00eda, repr\u00e9sentant de l'association civile Somos Peque\u00f1os Veracruz, a expliqu\u00e9<\/strong> dans une interview avec <em>Journal de Xalapa<\/em> en 2023 <strong>que 80% des personnes de petite taille sont au ch\u00f4mage.<\/strong>.<\/p>\n\n\n\n<blockquote class=\"wp-block-quote is-layout-flow wp-block-quote-is-layout-flow\">\n<p>\"Plus de 80% des personnes de petite taille n'ont pas d'emploi formel, de dipl\u00f4me, de d\u00e9veloppement professionnel. Ce que nous voulons, c'est \u00e9liminer la discrimination, nous voulons que l'on reconnaisse qu'elles souffrent, qu'elles ont des besoins\".<\/p>\n<\/blockquote>\n\n\n\n<div style=\"height:40px\" aria-hidden=\"true\" class=\"wp-block-spacer\"><\/div>\n\n\n\n<h4 class=\"wp-block-heading\">Mesures \u00e0 prendre dans l'environnement de travail pour assurer l'int\u00e9gration des personnes de petite taille<\/h4>\n\n\n\n<ul class=\"wp-block-list\">\n<li><strong>Garantir un recrutement inclusif<\/strong> <strong>et avec<\/strong> <strong>\u00e9galit\u00e9 des chances<\/strong> en fonction des capacit\u00e9s physiques et intellectuelles de la personne ;<\/li>\n\n\n\n<li><strong>am\u00e9liorer l'accessibilit\u00e9 des bureaux et des espaces de travail<\/strong> pour les personnes de petite taille <strong>mobilit\u00e9 autonomie<\/strong>;<\/li>\n\n\n\n<li><strong>ont une d\u00e9marche universelle <\/strong>dans les endroits du bureau o\u00f9 des personnes de petite taille pourraient en avoir besoin ;<\/li>\n\n\n\n<li>fournir <strong>l'assurance maladie et le soutien psychologique pour les personnes de petite taille<\/strong>;<\/li>\n\n\n\n<li><strong>garantir des espaces exempts de discrimination<\/strong> renforc\u00e9e par une formation visant \u00e0 sensibiliser les travailleurs \u00e0 cette question.<\/li>\n<\/ul>\n\n\n\n<div style=\"height:40px\" aria-hidden=\"true\" class=\"wp-block-spacer\"><\/div>\n\n\n\n<h4 class=\"wp-block-heading\">Qu'est-ce que l'\u00e9tape universelle et quelle est sa pertinence pour les personnes de petite taille ?<\/h4>\n\n\n\n<p>Les <strong>marche universelle<\/strong> est un<strong> plate-forme permettant aux personnes de petite taille d'avoir un acc\u00e8s \u00e9gal \u00e0 certains espaces<\/strong> <strong>qui seraient normalement hors de port\u00e9e<\/strong>. <\/p>\n\n\n\n<p>Id\u00e9alement, la norme officielle mexicaine <strong>NOM-001-STPS-2008, B\u00e2timents, locaux, installations et zones sur les lieux de travail - Conditions de s\u00e9curit\u00e9.<\/strong>La norme pour les escaliers est la norme pour les escaliers, qui d\u00e9finit les caract\u00e9ristiques que doivent pr\u00e9senter les escaliers. Si l'on se base sur cette norme, on peut conclure que<strong> une \u00e9tape universelle doit pr\u00e9senter les caract\u00e9ristiques suivantes<\/strong>:<\/p>\n\n\n\n<ul class=\"wp-block-list\">\n<li><strong>peut \u00eatre \u00e0 une ou deux \u00e9tapes<\/strong>;<\/li>\n\n\n\n<li>les <strong>rivages<\/strong> de la <strong>les marches doivent \u00eatre arrondies<\/strong>; <\/li>\n\n\n\n<li>les <strong>empreintes des marches <\/strong>dans ses sections droites <strong>doivent avoir une longueur d'au moins 25 centim\u00e8tres <\/strong>et le <strong>sur\u00e9l\u00e9vations<\/strong> <strong>ne doit pas d\u00e9passer 23 centim\u00e8tres de hauteur<\/strong>;<\/li>\n\n\n\n<li>doit \u00eatre capable de <strong>supporter au moins 50 kilogrammes<\/strong>;<\/li>\n\n\n\n<li><strong>peuvent \u00eatre dot\u00e9s de garde-corps sur les c\u00f4t\u00e9s <\/strong>afin d'assurer une plus grande s\u00e9curit\u00e9 ;<\/li>\n\n\n\n<li>peut \u00eatre <strong>fixe ou mobile<\/strong>.<\/li>\n<\/ul>\n\n\n\n<p>Au Mexique, <strong>l'initiative visant \u00e0 mettre en place des marches universelles dans les bureaux du gouvernement et les espaces publics a d\u00e9j\u00e0 \u00e9t\u00e9 introduite dans les pays suivants<\/strong> congr\u00e8s dans diff\u00e9rents \u00c9tats, tels que <strong>Sonora, Baja California, Coahuila, Michoac\u00e1n, Nayarit, Guanajuato, Quer\u00e9taro et Mexico.<\/strong>. En outre, <strong>Sa mise en \u0153uvre a d\u00e9j\u00e0 commenc\u00e9 \u00e0 Coahuila, Michoac\u00e1n, Quer\u00e9taro et Nayarit.<\/strong>.<\/p>\n\n\n\n<p>Id\u00e9alement, <strong>l'objectif est de faire de ces mesures une r\u00e9alit\u00e9 non seulement dans les administrations, mais aussi dans les centres commerciaux, les banques, les \u00e9coles et tout autre espace. <\/strong>o\u00f9 se trouvent les personnes de petite taille.<\/p>\n\n\n\n<div style=\"height:40px\" aria-hidden=\"true\" class=\"wp-block-spacer\"><\/div>\n\n\n\n<h4 class=\"wp-block-heading\">Connaissiez-vous ces faits int\u00e9ressants sur les personnes de petite taille ?<\/h4>\n\n\n\n<p>Sources : Gouvernement du Mexique ( Gouvernement du Mexique (<a href=\"https:\/\/www.gob.mx\/conadis\/articulos\/dia-mundial-de-las-personas-de-talla-baja\" target=\"_blank\" rel=\"noreferrer noopener\">1<\/a>, <a href=\"https:\/\/www.gob.mx\/conadis\/articulos\/el-25-de-octubre-se-recuerda-el-dia-mundial-de-las-personas-de-talla-baja-que-se-inicio-en-mexico\" target=\"_blank\" rel=\"noreferrer noopener\">2<\/a>), <a href=\"https:\/\/www.copred.cdmx.gob.mx\/comunicacion\/nota\/pronunciamiento-25-de-octubre-dia-mundial-de-las-personas-de-talla-baja-y-dia-nacional-de-personas-de-talla-baja\" target=\"_blank\" rel=\"noreferrer noopener\">Copred<\/a>, <a href=\"http:\/\/www5.diputados.gob.mx\/index.php\/esl\/Comunicacion\/Boletines\/2019\/Marzo\/05\/1189-Incluyen-a-personas-de-talla-baja-en-definicion-de-discapacidad-fisica#:~:text=Seg%C3%BAn%20datos%20de%20la%20Organizaci%C3%B3n\" target=\"_blank\" rel=\"noreferrer noopener\">CNDH<\/a>, <a href=\"https:\/\/www.inegi.org.mx\/contenidos\/saladeprensa\/aproposito\/2021\/EAP_PersDiscap21.pdf\" target=\"_blank\" rel=\"noreferrer noopener\">Inegi<\/a>, <a href=\"https:\/\/www.elfinanciero.com.mx\/opinion\/arturo-castillo\/2024\/10\/29\/6-pasos-que-mejoraran-la-vida-de-las-personas-de-talla-baja\/\"><em>El Financiero<\/em><\/a>, <a href=\"https:\/\/elmundodelderecho.com\/que-derechos-se-deben-garantizar-para-las-personas-de-talla-baja-esto-dice-la-ley\/\" target=\"_blank\" rel=\"noreferrer noopener\">Le monde du droit<\/a>, <a href=\"https:\/\/asinom.stps.gob.mx\/upload\/noms\/Nom-001.pdf\">Minist\u00e8re du travail et de la protection sociale<\/a> y <a href=\"https:\/\/sil.gobernacion.gob.mx\/Archivos\/Documentos\/2024\/01\/asun_4693333_20240117_1705528254.pdf\" target=\"_blank\" rel=\"noreferrer noopener\">Syst\u00e8me d'information l\u00e9gislative<\/a><\/p>\n\n\n\n<p>Recherches et r\u00e9daction par Jos\u00e9 Manuel R\u00edos et Rodrigo Hern\u00e1ndez<br><\/p>","protected":false},"excerpt":{"rendered":"<p>D\u00e9couvrez comment vous pouvez rendre votre espace de travail plus accueillant pour les personnes de petite taille. <\/p>","protected":false},"author":5,"featured_media":4062,"comment_status":"closed","ping_status":"closed","sticky":false,"template":"","format":"standard","meta":{"footnotes":""},"categories":[76],"tags":[70,71,72,73],"class_list":["post-4061","post","type-post","status-publish","format-standard","has-post-thumbnail","hentry","category-inclusion-laboral","tag-diversidad","tag-equidad","tag-inclusion","tag-inclusion-laboral"],"_links":{"self":[{"href":"https:\/\/comprodiverso.com\/fr\/wp-json\/wp\/v2\/posts\/4061","targetHints":{"allow":["GET"]}}],"collection":[{"href":"https:\/\/comprodiverso.com\/fr\/wp-json\/wp\/v2\/posts"}],"about":[{"href":"https:\/\/comprodiverso.com\/fr\/wp-json\/wp\/v2\/types\/post"}],"author":[{"embeddable":true,"href":"https:\/\/comprodiverso.com\/fr\/wp-json\/wp\/v2\/users\/5"}],"replies":[{"embeddable":true,"href":"https:\/\/comprodiverso.com\/fr\/wp-json\/wp\/v2\/comments?post=4061"}],"version-history":[{"count":4,"href":"https:\/\/comprodiverso.com\/fr\/wp-json\/wp\/v2\/posts\/4061\/revisions"}],"predecessor-version":[{"id":4189,"href":"https:\/\/comprodiverso.com\/fr\/wp-json\/wp\/v2\/posts\/4061\/revisions\/4189"}],"wp:featuredmedia":[{"embeddable":true,"href":"https:\/\/comprodiverso.com\/fr\/wp-json\/wp\/v2\/media\/4062"}],"wp:attachment":[{"href":"https:\/\/comprodiverso.com\/fr\/wp-json\/wp\/v2\/media?parent=4061"}],"wp:term":[{"taxonomy":"category","embeddable":true,"href":"https:\/\/comprodiverso.com\/fr\/wp-json\/wp\/v2\/categories?post=4061"},{"taxonomy":"post_tag","embeddable":true,"href":"https:\/\/comprodiverso.com\/fr\/wp-json\/wp\/v2\/tags?post=4061"}],"curies":[{"name":"wp","href":"https:\/\/api.w.org\/{rel}","templated":true}]}}