{"id":1314,"date":"2016-06-06T11:28:17","date_gmt":"2016-06-06T11:28:17","guid":{"rendered":"http:\/\/demo.goodlayers.com\/infinite\/?p=1314"},"modified":"2016-06-06T11:28:17","modified_gmt":"2016-06-06T11:28:17","slug":"eu-afundo-sob-o-peso-do-esplendor","status":"publish","type":"post","link":"https:\/\/comprodiverso.com\/pt\/blog\/eu-afundo-sob-o-peso-do-esplendor\/","title":{"rendered":"Eu afundo sob o peso do esplendor"},"content":{"rendered":"<p>Uma serenidade maravilhosa tomou conta de toda a minha alma, como essas doces manh\u00e3s de primavera que aprecio com todo o meu cora\u00e7\u00e3o. Estou sozinho e sinto o encanto da exist\u00eancia neste lugar, <strong>que foi criado para a felicidade de almas como a minha<\/strong>. Estou t\u00e3o feliz, meu caro amigo, t\u00e3o absorvido pela sensa\u00e7\u00e3o requintada da mera exist\u00eancia tranquila, que negligencio meus talentos. Eu seria incapaz de desenhar um \u00fanico tra\u00e7o neste momento; no entanto, sinto que nunca fui um artista t\u00e3o bom quanto agora.<\/p>\n<h5>Quando, enquanto o lindo vale est\u00e1 repleto de<\/h5>\n<p>Quando o vapor me envolve, e o sol do meridiano atinge a superf\u00edcie superior da folhagem impenetr\u00e1vel de minhas \u00e1rvores, e apenas alguns raios perdidos penetram no santu\u00e1rio interno, eu me jogo entre a grama alta ao lado do riacho que escorre; e, ao me deitar perto da terra, mil plantas desconhecidas s\u00e3o notadas por mim: Quando ou\u00e7o o zumbido do pequeno mundo entre os caules e me familiarizo com as incont\u00e1veis formas indescrit\u00edveis dos insetos e das moscas, sinto a presen\u00e7a do Todo-Poderoso, que nos formou \u00e0 sua pr\u00f3pria imagem, e o sopro daquele amor universal que nos carrega e sustenta, enquanto flutua ao nosso redor em uma eternidade de \u00eaxtase.<\/p>\n<blockquote><p>Afundo sob o peso do esplendor dessas vis\u00f5es! Uma serenidade maravilhosa tomou conta de toda a minha alma, como essas doces manh\u00e3s de primavera que o senhor tem.<\/p><\/blockquote>\n<p>Afundo sob o peso do esplendor dessas vis\u00f5es! Uma serenidade maravilhosa tomou conta de toda a minha alma, como essas doces manh\u00e3s de primavera que desfruto com todo o meu cora\u00e7\u00e3o. Estou sozinho e sinto o encanto da exist\u00eancia neste lugar, que foi criado para a felicidade de almas como a minha. Estou t\u00e3o feliz, meu caro amigo, t\u00e3o absorto no requinte do<\/p>\n<h6>Eu me jogo entre a grama alta<\/h6>\n<p>Eu seria incapaz de desenhar um \u00fanico tra\u00e7o neste momento; no entanto, sinto que nunca fui um artista t\u00e3o bom quanto agora. Quando, enquanto o lindo vale fervilha de vapor ao meu redor, e o sol meridiano atinge a superf\u00edcie superior da folhagem impenetr\u00e1vel de minhas \u00e1rvores, e apenas alguns raios perdidos penetram no santu\u00e1rio interno, eu me jogo entre a grama alta ao lado do riacho que goteja; e, ao me deitar perto da terra, mil plantas desconhecidas s\u00e3o notadas por mim: quando ou\u00e7o o zumbido do pequeno mundo entre os caules e me familiarizo com as incont\u00e1veis formas indescrit\u00edveis dos insetos e dos<\/p>\n<span class=\"gdlr-core-space-shortcode\" style=\"margin-top: 50px ;\"  ><\/span>\n<figure id=\"attachment_1251\" aria-describedby=\"caption-attachment-1251\" style=\"width: 1920px\" class=\"wp-caption aligncenter\"><img loading=\"lazy\" decoding=\"async\" class=\"size-full wp-image-1251\" src=\"http:\/\/comprodiverso.com\/wp-content\/uploads\/2016\/06\/sunrise-phu-quoc-island-ocean.jpg\" alt=\"Legenda alinhada aqui\" width=\"1920\" height=\"1267\" srcset=\"https:\/\/comprodiverso.com\/wp-content\/uploads\/2016\/06\/sunrise-phu-quoc-island-ocean.jpg 1920w, https:\/\/comprodiverso.com\/wp-content\/uploads\/2016\/06\/sunrise-phu-quoc-island-ocean-300x198.jpg 300w, https:\/\/comprodiverso.com\/wp-content\/uploads\/2016\/06\/sunrise-phu-quoc-island-ocean-768x507.jpg 768w, https:\/\/comprodiverso.com\/wp-content\/uploads\/2016\/06\/sunrise-phu-quoc-island-ocean-1024x676.jpg 1024w, https:\/\/comprodiverso.com\/wp-content\/uploads\/2016\/06\/sunrise-phu-quoc-island-ocean-60x40.jpg 60w\" sizes=\"auto, (max-width: 1920px) 100vw, 1920px\" \/><figcaption id=\"caption-attachment-1251\" class=\"wp-caption-text\">Legenda alinhada aqui<\/figcaption><\/figure>\n<span class=\"gdlr-core-space-shortcode\" style=\"margin-top: 60px ;\"  ><\/span>\n<h6>Texto, de onde veio o senhor<\/h6>\n<p>Muito longe, atr\u00e1s das montanhas de palavras, longe dos pa\u00edses Vokalia e Consonantia, vivem os textos cegos. Separados, eles vivem em Bookmarksgrove, bem na costa do Semantics, um grande oceano de idiomas. Um pequeno rio chamado Duden passa por sua casa e abastece-a com a regelialia necess\u00e1ria. \u00c9 um pa\u00eds paradis\u00edaco, no qual partes torradas de frases voam para a boca do senhor. At\u00e9 mesmo o todo-poderoso Apontador n\u00e3o tem controle sobre os textos cegos; \u00e9 uma vida quase n\u00e3o ortogr\u00e1fica. Um dia, por\u00e9m, uma pequena linha de texto cego chamada Lorem Ipsum decidiu partir para o distante mundo da gram\u00e1tica. O Grande Oxmox a aconselhou a n\u00e3o fazer isso, porque havia milhares de v\u00edrgulas ruins, pontos de interroga\u00e7\u00e3o selvagens e semikoli desonestos, mas o Pequeno<\/p>\n<ul>\n<li>Muito longe, atr\u00e1s da montanha de palavras<\/li>\n<li>Quando ela chegou \u00e0s primeiras colinas<\/li>\n<li>Um pequeno rio chamado Duden flui<\/li>\n<li>Um pequeno rio chamado Duden corre ao lado de sua planta\u00e7\u00e3o.<\/li>\n<li>Muito longe, atr\u00e1s da montanha de palavras<\/li>\n<\/ul>\n<p>Os redatores de textos a emboscaram, embebedaram-na com Longe e Parole e a arrastaram para a ag\u00eancia deles, onde abusaram dela para seus projetos repetidas vezes. E se ela n\u00e3o foi reescrita, ent\u00e3o eles ainda a est\u00e3o usando.Muito longe, atr\u00e1s das montanhas de palavras, longe dos pa\u00edses Vokalia e Consonantia, vivem os textos cegos. Separados, eles vivem em Bookmarksgrove, bem na costa do Semantics, um grande oceano de idiomas. Um pequeno rio chamado Duden corre ao lado do prato deles.<\/p>","protected":false},"excerpt":{"rendered":"<p>Uma serenidade maravilhosa tomou conta de toda a minha alma, como essas doces manh\u00e3s de primavera que aprecio com todo o meu cora\u00e7\u00e3o. Estou sozinho e sinto o encanto da exist\u00eancia neste lugar, que foi criado para a felicidade de almas como a minha. Estou t\u00e3o feliz, meu caro amigo, t\u00e3o absorvido pela sensa\u00e7\u00e3o requintada da mera exist\u00eancia tranquila, que negligencio meus talentos. Eu seria incapaz de desenhar um \u00fanico tra\u00e7o neste momento e, no entanto, sinto que nunca fui um artista t\u00e3o bom quanto agora. Quando, enquanto o lindo vale fervilha de vapor ao meu redor, e o sol do meridiano atinge a superf\u00edcie superior da folhagem impenetr\u00e1vel de minhas \u00e1rvores, e apenas alguns raios perdidos entram no santu\u00e1rio interno, eu me jogo entre a grama alta ao lado do riacho que goteja; e, ao me deitar perto da terra, mil plantas desconhecidas s\u00e3o notadas por mim: Quando ou\u00e7o o zumbido do pequeno mundo entre os caules e me familiarizo com as incont\u00e1veis formas indescrit\u00edveis dos insetos e das moscas, sinto a presen\u00e7a do Todo-Poderoso, que nos formou \u00e0 sua pr\u00f3pria imagem, e o sopro daquele amor universal que nos carrega e sustenta, enquanto flutua ao nosso redor em uma eternidade de \u00eaxtase.<\/p>","protected":false},"author":1,"featured_media":1250,"comment_status":"open","ping_status":"open","sticky":false,"template":"","format":"standard","meta":{"footnotes":""},"categories":[46],"tags":[54,41,42],"class_list":["post-1314","post","type-post","status-publish","format-standard","has-post-thumbnail","hentry","category-blog","tag-adventure","tag-ocean","tag-surf"],"_links":{"self":[{"href":"https:\/\/comprodiverso.com\/pt\/wp-json\/wp\/v2\/posts\/1314","targetHints":{"allow":["GET"]}}],"collection":[{"href":"https:\/\/comprodiverso.com\/pt\/wp-json\/wp\/v2\/posts"}],"about":[{"href":"https:\/\/comprodiverso.com\/pt\/wp-json\/wp\/v2\/types\/post"}],"author":[{"embeddable":true,"href":"https:\/\/comprodiverso.com\/pt\/wp-json\/wp\/v2\/users\/1"}],"replies":[{"embeddable":true,"href":"https:\/\/comprodiverso.com\/pt\/wp-json\/wp\/v2\/comments?post=1314"}],"version-history":[{"count":0,"href":"https:\/\/comprodiverso.com\/pt\/wp-json\/wp\/v2\/posts\/1314\/revisions"}],"wp:featuredmedia":[{"embeddable":true,"href":"https:\/\/comprodiverso.com\/pt\/wp-json\/wp\/v2\/media\/1250"}],"wp:attachment":[{"href":"https:\/\/comprodiverso.com\/pt\/wp-json\/wp\/v2\/media?parent=1314"}],"wp:term":[{"taxonomy":"category","embeddable":true,"href":"https:\/\/comprodiverso.com\/pt\/wp-json\/wp\/v2\/categories?post=1314"},{"taxonomy":"post_tag","embeddable":true,"href":"https:\/\/comprodiverso.com\/pt\/wp-json\/wp\/v2\/tags?post=1314"}],"curies":[{"name":"wp","href":"https:\/\/api.w.org\/{rel}","templated":true}]}}