{"id":1680,"date":"2016-06-06T11:28:14","date_gmt":"2016-06-06T11:28:14","guid":{"rendered":"http:\/\/demo.goodlayers.com\/infinite\/?p=1680"},"modified":"2016-06-06T11:28:14","modified_gmt":"2016-06-06T11:28:14","slug":"posse-de-toda-a-minha-alma","status":"publish","type":"post","link":"https:\/\/comprodiverso.com\/pt\/alvenaria\/posse-de-toda-a-minha-alma\/","title":{"rendered":"A posse de toda a minha alma"},"content":{"rendered":"<p>Uma serenidade maravilhosa tomou conta de toda a minha alma, como essas doces manh\u00e3s de primavera que aprecio com todo o meu cora\u00e7\u00e3o. Estou sozinho e sinto o encanto da exist\u00eancia neste lugar, que foi criado para a felicidade de almas como a minha. Estou t\u00e3o feliz, meu caro amigo, t\u00e3o absorvido pela sensa\u00e7\u00e3o requintada da mera exist\u00eancia tranquila, que negligencio meus talentos. Eu seria incapaz de desenhar um \u00fanico tra\u00e7o neste momento e, no entanto, sinto que nunca fui um artista t\u00e3o bom quanto agora. Quando, enquanto o lindo vale fervilha de vapor ao meu redor, e o sol do meridiano atinge a superf\u00edcie superior da folhagem impenetr\u00e1vel de minhas \u00e1rvores, e apenas alguns raios perdidos entram no santu\u00e1rio interno, eu me jogo entre a grama alta ao lado do riacho que goteja; e, ao me deitar perto da terra, mil plantas desconhecidas s\u00e3o notadas por mim: Quando ou\u00e7o o zumbido do pequeno mundo entre os caules e me familiarizo com as incont\u00e1veis formas indescrit\u00edveis dos insetos e das moscas, sinto a presen\u00e7a do Todo-Poderoso, que nos formou \u00e0 sua pr\u00f3pria imagem, e o sopro daquele amor universal que nos carrega e sustenta, enquanto flutua ao nosso redor em uma eternidade de \u00eaxtase.<\/p>","protected":false},"excerpt":{"rendered":"<p>Uma serenidade maravilhosa tomou conta de toda a minha alma, como essas doces manh\u00e3s de primavera que aprecio com todo o meu cora\u00e7\u00e3o. Estou sozinho e sinto o encanto da exist\u00eancia neste lugar, que foi criado para a felicidade de almas como a minha. Estou t\u00e3o feliz, meu caro amigo, t\u00e3o absorvido pela sensa\u00e7\u00e3o requintada da mera exist\u00eancia tranquila, que negligencio meus talentos. Eu seria incapaz de desenhar um \u00fanico tra\u00e7o neste momento e, no entanto, sinto que nunca fui um artista t\u00e3o bom quanto agora. Quando, enquanto o lindo vale fervilha de vapor ao meu redor, e o sol do meridiano atinge a superf\u00edcie superior da folhagem impenetr\u00e1vel de minhas \u00e1rvores, e apenas alguns raios perdidos entram no santu\u00e1rio interno, eu me jogo entre a grama alta ao lado do riacho que goteja; e, ao me deitar perto da terra, mil plantas desconhecidas s\u00e3o notadas por mim: Quando ou\u00e7o o zumbido do pequeno mundo entre os caules e me familiarizo com as incont\u00e1veis formas indescrit\u00edveis dos insetos e das moscas, sinto a presen\u00e7a do Todo-Poderoso, que nos formou \u00e0 sua pr\u00f3pria imagem, e o sopro daquele amor universal que nos carrega e sustenta, enquanto flutua ao nosso redor em uma eternidade de \u00eaxtase.<\/p>","protected":false},"author":1,"featured_media":1682,"comment_status":"open","ping_status":"open","sticky":false,"template":"","format":"standard","meta":{"footnotes":""},"categories":[55],"tags":[33,56],"class_list":["post-1680","post","type-post","status-publish","format-standard","has-post-thumbnail","hentry","category-masonry","tag-photography","tag-work-space"],"_links":{"self":[{"href":"https:\/\/comprodiverso.com\/pt\/wp-json\/wp\/v2\/posts\/1680","targetHints":{"allow":["GET"]}}],"collection":[{"href":"https:\/\/comprodiverso.com\/pt\/wp-json\/wp\/v2\/posts"}],"about":[{"href":"https:\/\/comprodiverso.com\/pt\/wp-json\/wp\/v2\/types\/post"}],"author":[{"embeddable":true,"href":"https:\/\/comprodiverso.com\/pt\/wp-json\/wp\/v2\/users\/1"}],"replies":[{"embeddable":true,"href":"https:\/\/comprodiverso.com\/pt\/wp-json\/wp\/v2\/comments?post=1680"}],"version-history":[{"count":0,"href":"https:\/\/comprodiverso.com\/pt\/wp-json\/wp\/v2\/posts\/1680\/revisions"}],"wp:featuredmedia":[{"embeddable":true,"href":"https:\/\/comprodiverso.com\/pt\/wp-json\/wp\/v2\/media\/1682"}],"wp:attachment":[{"href":"https:\/\/comprodiverso.com\/pt\/wp-json\/wp\/v2\/media?parent=1680"}],"wp:term":[{"taxonomy":"category","embeddable":true,"href":"https:\/\/comprodiverso.com\/pt\/wp-json\/wp\/v2\/categories?post=1680"},{"taxonomy":"post_tag","embeddable":true,"href":"https:\/\/comprodiverso.com\/pt\/wp-json\/wp\/v2\/tags?post=1680"}],"curies":[{"name":"wp","href":"https:\/\/api.w.org\/{rel}","templated":true}]}}