{"id":3026,"date":"2025-07-04T18:16:25","date_gmt":"2025-07-04T18:16:25","guid":{"rendered":"https:\/\/comprodiverso.com\/?p=3026"},"modified":"2026-01-15T22:34:48","modified_gmt":"2026-01-15T22:34:48","slug":"qual-e-a-importancia-dos-grupos-de-recursos-para-funcionarios-das-organizacoes","status":"publish","type":"post","link":"https:\/\/comprodiverso.com\/pt\/inclusao-trabalhista\/qual-e-a-importancia-dos-grupos-de-recursos-para-funcionarios-das-organizacoes\/","title":{"rendered":"O que \u00e9 um ERG e qual \u00e9 a sua import\u00e2ncia para as organiza\u00e7\u00f5es?"},"content":{"rendered":"<h4 class=\"wp-block-heading has-text-align-left\">Se o senhor j\u00e1 ouviu falar de ERGs (<em>Grupos de recursos para funcion\u00e1rios<\/em> ou grupos de recursos para funcion\u00e1rios), mas o senhor n\u00e3o sabe o que s\u00e3o ou como implement\u00e1-los em sua organiza\u00e7\u00e3o.<\/h4>\n\n\n\n<p>Falando sobre <strong>grupos de recursos para funcion\u00e1rios<\/strong> o <em><strong>Grupos de recursos para funcion\u00e1rios<\/strong><\/em> (<strong>ERG<\/strong> para seus <strong>acr\u00f4nimos em ingl\u00eas<\/strong>) \u00e9 uma quest\u00e3o vital para a <strong>gerenciamento de recursos humanos <\/strong>em todo <strong>organiza\u00e7\u00e3o<\/strong>. Em particular, naqueles que se atrevem a dar o pr\u00f3ximo passo para <strong>transformando sua cultura de trabalho a partir de uma abordagem mais humana<\/strong> e focada na experi\u00eancia total de sua equipe.<\/p>\n\n\n\n<p>Hoje vemos em muitos <strong>organiza\u00e7\u00f5es locais e transnacionais<\/strong> uma necessidade latente de promover a <strong>valor de propriedade<\/strong> para que ela permeie naturalmente. E n\u00e3o for\u00e7ada, como nos modelos ultrapassados de gest\u00e3o de talentos humanos. Estamos diante de uma dicotomia: <strong>\"fazer por obriga\u00e7\u00e3o ou fazer por convic\u00e7\u00e3o\".<\/strong>.<\/p>\n\n\n\n<p>Quando h\u00e1 <strong>atividades ou campanhas<\/strong> para gerenciar a cultura organizacional que \u00e9 <strong>s\u00e3o obrigados a faz\u00ea-lo por um senso de obriga\u00e7\u00e3o<\/strong>O resultado ser\u00e3o campanhas bem-sucedidas, talvez em tempo h\u00e1bil. No entanto, <strong>falta de emo\u00e7\u00e3o, atra\u00e7\u00e3o, motiva\u00e7\u00e3o<\/strong>.  Os funcion\u00e1rios simplesmente os deixar\u00e3o de lado, como se fossem apenas mais uma atividade ou campanha na pilha que gerenciamos para atender \u00e0s m\u00e9tricas.<\/p>\n\n\n\n<p>Por outro lado, quando essas atividades, planos e campanhas para gerenciar a cultura organizacional <strong>s\u00e3o realizadas por convic\u00e7\u00e3o<\/strong> da equipe, o resultado \u00e9 diferente. Podemos ver<strong> n\u00edveis mais altos de ado\u00e7\u00e3o, comprometimento e gerenciamento<\/strong> de mudan\u00e7a org\u00e2nica. <\/p>\n\n\n\n<p>Da mesma forma, h\u00e1 <strong>maior motiva\u00e7\u00e3o<\/strong> para tornar a mudan\u00e7a aut\u00eantica em n\u00edvel de base na <strong>amor, empatia e solidariedade<\/strong>.&nbsp;<\/p>\n\n\n\n<figure class=\"wp-block-image size-full\"><img loading=\"lazy\" decoding=\"async\" width=\"1000\" height=\"560\" src=\"http:\/\/comprodiverso.com\/wp-content\/uploads\/2025\/07\/ERG-diversidad.jpg\" alt=\"Diversidade do ERG\" class=\"wp-image-3059\" srcset=\"https:\/\/comprodiverso.com\/wp-content\/uploads\/2025\/07\/ERG-diversidad.jpg 1000w, https:\/\/comprodiverso.com\/wp-content\/uploads\/2025\/07\/ERG-diversidad-300x168.jpg 300w, https:\/\/comprodiverso.com\/wp-content\/uploads\/2025\/07\/ERG-diversidad-768x430.jpg 768w, https:\/\/comprodiverso.com\/wp-content\/uploads\/2025\/07\/ERG-diversidad-18x10.jpg 18w\" sizes=\"auto, (max-width: 1000px) 100vw, 1000px\" \/><figcaption class=\"wp-element-caption\">Os ERGs s\u00e3o uma quest\u00e3o vital de RH nas organiza\u00e7\u00f5es atuais \/ Foto: Google<\/figcaption><\/figure>\n\n\n\n<div style=\"height:40px\" aria-hidden=\"true\" class=\"wp-block-spacer\"><\/div>\n\n\n\n<h4 class=\"wp-block-heading has-text-align-left\">Por que \u00e9 importante fazer a distin\u00e7\u00e3o entre obriga\u00e7\u00e3o e convic\u00e7\u00e3o?<\/h4>\n\n\n\n<p>Em minha experi\u00eancia de gerenciar <strong>equipes globais de alto desempenho<\/strong>Aprendi que a melhor maneira de conseguir penetrar em um <strong>cultura de inclus\u00e3o e diversidade<\/strong> \u00e9 fazer com que as pessoas se sintam bem-vindas. E que elas podem se mostrar com <strong>autenticidade<\/strong>independentemente da cultura e da educa\u00e7\u00e3o. Da mesma forma, as opini\u00f5es de todas as pessoas devem ser levadas em conta. <strong>ouvidas e valorizadas<\/strong>. <\/p>\n\n\n\n<p>O <strong>princ\u00edpio da empatia<\/strong> faz com que as pessoas sintam que s\u00e3o <strong>unir-se em uma s\u00f3 voz<\/strong> para realizar maravilhas e ser invenc\u00edvel. \u00c9 assim que isso \u00e9 poss\u00edvel <strong>criando uma comunidade <\/strong>para apoiar uns aos outros, ajudar os outros e agir em prol da inclus\u00e3o de todas as pessoas.<\/p>\n\n\n\n<p>Para isso, h\u00e1 uma figura dentro das organiza\u00e7\u00f5es que \u00e9 a for\u00e7a motriz para a <strong>a mudan\u00e7a cultural ocorre naturalmente <\/strong>e com convic\u00e7\u00e3o. Esses s\u00e3o os <strong>grupos de recursos para funcion\u00e1rios<\/strong> o <em><strong>Grupos de recursos para funcion\u00e1rios<\/strong><\/em> (<strong>ERG<\/strong>).<\/p>\n\n\n\n<p>Aqui, vamos dizer ao senhor o que eles s\u00e3o, o escopo que t\u00eam, seus benef\u00edcios e algumas das pr\u00e1ticas recomendadas para adot\u00e1-los, gerenci\u00e1-los e capacit\u00e1-los. <\/p>\n\n\n\n<div style=\"height:40px\" aria-hidden=\"true\" class=\"wp-block-spacer\"><\/div>\n\n\n\n<h4 class=\"wp-block-heading has-text-align-left\">O que s\u00e3o ERGs?<\/h4>\n\n\n\n<p>O <strong>ERG<\/strong> s\u00e3o grupos ou comunidades de trabalhadores que compartilham um <strong>interesse comum na inclus\u00e3o<\/strong> de pessoas e seus <strong>interseccionalidades<\/strong>seu <strong>desenvolvimento profissional<\/strong>O aprimoramento do <strong>cultura corporativa<\/strong> e o <strong>resultados comerciais<\/strong>.&nbsp;<\/p>\n\n\n\n<p>Ser dirigido por pessoas com <strong>antecedentes, experi\u00eancia ou caracter\u00edsticas semelhantes<\/strong>s\u00e3o <strong>volunt\u00e1rio e aberto<\/strong> a todos os funcion\u00e1rios.<\/p>\n\n\n\n<p>Os ERGs geralmente atuam como catalisadores de um <strong>mudan\u00e7a positiva na cultura de uma organiza\u00e7\u00e3o<\/strong>. Isso se deve ao fato de que <strong>normalizar a diversidade e aumentar a visibilidade das minorias<\/strong> no local de trabalho.<\/p>\n\n\n\n<p>A <strong>ERG <\/strong>\u00e9 um <strong>grupo autodirigido<\/strong> que acredita em si mesmo. Ele tem <strong>valores humanos<\/strong> n\u00e3o negoci\u00e1vel como o <strong>respeito<\/strong>o <strong>escuta ativa<\/strong>o <strong>filia\u00e7\u00e3o<\/strong>o <strong>solidariedade<\/strong>.&nbsp;<\/p>\n\n\n\n<p>Portanto, \u00e9 uma quest\u00e3o de <strong>ESPA\u00c7OS SEGUROS<\/strong> onde o senhor pode ser o senhor. Al\u00e9m disso, o senhor pode <strong>ajudar os outros<\/strong> para se tornarem um, aumentando a conscientiza\u00e7\u00e3o e <strong>promo\u00e7\u00e3o de valores<\/strong> como o respeito, a fraternidade e o apoio m\u00fatuo.<\/p>\n\n\n\n<figure class=\"wp-block-image size-large\"><img loading=\"lazy\" decoding=\"async\" width=\"1024\" height=\"683\" src=\"http:\/\/comprodiverso.com\/wp-content\/uploads\/2025\/07\/diversidad-interseccionalidades-1024x683.jpg\" alt=\"diversidade interseccionalidades\" class=\"wp-image-3060\" srcset=\"https:\/\/comprodiverso.com\/wp-content\/uploads\/2025\/07\/diversidad-interseccionalidades-1024x683.jpg 1024w, https:\/\/comprodiverso.com\/wp-content\/uploads\/2025\/07\/diversidad-interseccionalidades-300x200.jpg 300w, https:\/\/comprodiverso.com\/wp-content\/uploads\/2025\/07\/diversidad-interseccionalidades-768x512.jpg 768w, https:\/\/comprodiverso.com\/wp-content\/uploads\/2025\/07\/diversidad-interseccionalidades-18x12.jpg 18w, https:\/\/comprodiverso.com\/wp-content\/uploads\/2025\/07\/diversidad-interseccionalidades.jpg 1100w\" sizes=\"auto, (max-width: 1024px) 100vw, 1024px\" \/><figcaption class=\"wp-element-caption\">Esses grupos s\u00e3o formados por pessoas com forma\u00e7\u00e3o, experi\u00eancias e caracter\u00edsticas semelhantes. \/ Foto: Workday<\/figcaption><\/figure>\n\n\n\n<div style=\"height:40px\" aria-hidden=\"true\" class=\"wp-block-spacer\"><\/div>\n\n\n\n<h4 class=\"wp-block-heading has-text-align-left\">Quais s\u00e3o os benef\u00edcios para as empresas com esses grupos?<\/h4>\n\n\n\n<p>De acordo com a consultoria <strong>McKinsey<\/strong>ERGs eficazes podem <strong>melhorar a inclus\u00e3o no local de trabalho<\/strong>. Eles fazem isso garantindo que seus <strong>os esfor\u00e7os est\u00e3o alinhados com as expectativas da empresa e dos funcion\u00e1rios<\/strong>. <\/p>\n\n\n\n<p>Pertencendo a um <strong>O ERG tamb\u00e9m ajuda os funcion\u00e1rios a<\/strong> para sentir que podem ser <strong>aut\u00eantico no trabalho<\/strong>. E assim eles recebem mais <strong>significado e prop\u00f3sito do trabalho<\/strong> que eles realizam.<\/p>\n\n\n\n<p>Alguns <strong>benef\u00edcios e efeitos positivos dos ERGs para as empresas<\/strong>De acordo com a McKinsey, eles s\u00e3o os seguintes:<\/p>\n\n\n\n<ul class=\"wp-block-list\">\n<li><strong>reduzir a taxa de rotatividade<\/strong>;<\/li>\n\n\n\n<li>incentivar a <strong>atingir os objetivos organizacionais<\/strong>;<\/li>\n\n\n\n<li><strong>aumentar o n\u00edvel de produtividade<\/strong>A cultura e os l\u00edderes s\u00e3o inclusivos;<\/li>\n\n\n\n<li>ajuda a criar um <strong>ambiente de trabalho mais saud\u00e1vel<\/strong> que busca entender e valorizar as diversas origens dos trabalhadores;<\/li>\n\n\n\n<li>atrair e reter <strong>talentos diversificados<\/strong>que incentiva a <strong>criatividade e inova\u00e7\u00e3o<\/strong>;<\/li>\n\n\n\n<li>s\u00e3o fontes de <strong>suporte e informa\u00e7\u00f5es<\/strong> para os funcion\u00e1rios que buscam ser aliados e divulgar informa\u00e7\u00f5es dentro e fora da empresa;<\/li>\n\n\n\n<li><strong>gerar retornos econ\u00f4micos<\/strong> por serem gerentes de culturas diversas;<\/li>\n\n\n\n<li>promover a <em><strong>marca do empregador<\/strong><\/em>;<\/li>\n\n\n\n<li>gerar um <strong>alta satisfa\u00e7\u00e3o no trabalho <\/strong>em toda a cadeia de valor.<\/li>\n<\/ul>\n\n\n\n<div style=\"height:40px\" aria-hidden=\"true\" class=\"wp-block-spacer\"><\/div>\n\n\n\n<h4 class=\"wp-block-heading has-text-align-left\">Benef\u00edcios para trabalhadores que fazem parte de um ERG<\/h4>\n\n\n\n<p>Por outro lado, pertencer a um ERG tamb\u00e9m ajuda os funcion\u00e1rios. Alguns dos <strong>benef\u00edcios de um ERG para os trabalhadores<\/strong> s\u00e3o:<\/p>\n\n\n\n<ul class=\"wp-block-list\">\n<li>sentem que podem <strong>ser aut\u00eantico no local de trabalho<\/strong> e obter mais significado e <strong>finalidade<\/strong> do trabalho que realizam;<\/li>\n\n\n\n<li>desenvolver suas <strong>capacidades e habilidades<\/strong> em diferentes \u00e1reas, tais como: <strong>lideran\u00e7a, comunica\u00e7\u00e3o, gerenciamento de projetos e neg\u00f3cios<\/strong>;<\/li>\n\n\n\n<li>incentivar a <strong>inova\u00e7\u00e3o, trabalho em equipe e resili\u00eancia<\/strong>;<\/li>\n\n\n\n<li>ajudar na <strong>sa\u00fade mental dos funcion\u00e1rios <\/strong>e suas fam\u00edlias.&nbsp;<\/li>\n<\/ul>\n\n\n\n<figure class=\"wp-block-image size-large\"><img loading=\"lazy\" decoding=\"async\" width=\"1024\" height=\"576\" src=\"http:\/\/comprodiverso.com\/wp-content\/uploads\/2025\/07\/ERG-beneficios-empleados-empresas-1024x576.jpg\" alt=\"ERG empresas de benef\u00edcios para funcion\u00e1rios\" class=\"wp-image-3061\" srcset=\"https:\/\/comprodiverso.com\/wp-content\/uploads\/2025\/07\/ERG-beneficios-empleados-empresas-1024x576.jpg 1024w, https:\/\/comprodiverso.com\/wp-content\/uploads\/2025\/07\/ERG-beneficios-empleados-empresas-300x169.jpg 300w, https:\/\/comprodiverso.com\/wp-content\/uploads\/2025\/07\/ERG-beneficios-empleados-empresas-768x432.jpg 768w, https:\/\/comprodiverso.com\/wp-content\/uploads\/2025\/07\/ERG-beneficios-empleados-empresas-18x10.jpg 18w, https:\/\/comprodiverso.com\/wp-content\/uploads\/2025\/07\/ERG-beneficios-empleados-empresas.jpg 1280w\" sizes=\"auto, (max-width: 1024px) 100vw, 1024px\" \/><figcaption class=\"wp-element-caption\">Os ERGs trazem benef\u00edcios para trabalhadores e empresas \/ Foto: Pride Connection Mexico<\/figcaption><\/figure>\n\n\n\n<div style=\"height:40px\" aria-hidden=\"true\" class=\"wp-block-spacer\"><\/div>\n\n\n\n<h4 class=\"wp-block-heading has-text-align-left\">Como os ERGs s\u00e3o formados?<\/h4>\n\n\n\n<p>A forma\u00e7\u00e3o de um ERG n\u00e3o \u00e9 uma tarefa f\u00e1cil. Requer muitos <strong>coragem e determina\u00e7\u00e3o para iniciar uma mudan\u00e7a real<\/strong>. N\u00e3o pense que tudo ser\u00e1 colorido no in\u00edcio. <\/p>\n\n\n\n<p>A cria\u00e7\u00e3o de um grupo de recursos para os funcion\u00e1rios leva a <strong>tempo<\/strong>, <strong>esfor\u00e7o<\/strong> e, acima de tudo, muitos <strong>negocia\u00e7\u00e3o interna<\/strong>. Al\u00e9m disso, \u00e9 necess\u00e1rio que <strong>comunica\u00e7\u00e3o clara<\/strong> sobre <strong>quais s\u00e3o seus objetivos<\/strong> e o <strong>valor agregado<\/strong> que ele proporcionar\u00e1 \u00e0 cultura da organiza\u00e7\u00e3o.<\/p>\n\n\n\n<p>H\u00e1 v\u00e1rias maneiras de formar ERGs e todas elas est\u00e3o corretas, desde que os ERGs existam. <strong>inten\u00e7\u00e3o<\/strong>o <strong>paix\u00e3o<\/strong> e um <strong>abertura dos l\u00edderes<\/strong> para explorar um terreno \u00e0s vezes desconhecido para eles mesmos. <\/p>\n\n\n\n<p>Tamb\u00e9m \u00e9 essencial que as pessoas sejam incentivadas a fazer uma mudan\u00e7a e a <strong>gerenciar uma cultura de respeito e intersetorialidade<\/strong>. Dessa forma, a maneira como eles s\u00e3o treinados ser\u00e1 gerenciada progressivamente.<\/p>\n\n\n\n<p>Na minha experi\u00eancia, os ERGs s\u00e3o formados quando h\u00e1 uma preocupa\u00e7\u00e3o em gerenciar uma vis\u00e3o e um objetivo comuns. Para mim, esse objetivo \u00e9 gerar <strong>visibilidade e representa\u00e7\u00e3o<\/strong>. <\/p>\n\n\n\n<p>Portanto, o <em>Grupos de recursos para funcion\u00e1rios<\/em> s\u00e3o formados a partir de <strong>pessoas pertencentes \u00e0 mesma comunidade<\/strong>al\u00e9m de<strong> aliados<\/strong> que est\u00e3o convencidos a levantar suas vozes e <strong>gerenciando mudan\u00e7as para todos<\/strong>.&nbsp;<\/p>\n\n\n\n<div style=\"height:40px\" aria-hidden=\"true\" class=\"wp-block-spacer\"><\/div>\n\n\n\n<h4 class=\"wp-block-heading has-text-align-left\">Recomenda\u00e7\u00f5es para treinamento <em>Grupos de recursos para funcion\u00e1rios<\/em> o grupos de recursos para funcion\u00e1rios<\/h4>\n\n\n\n<p>Deixe claro que, se o senhor for fazer isso, ser\u00e1 um <strong>um projeto com muitas nuances, desafios e li\u00e7\u00f5es aprendidas<\/strong>. Mas com muitos <strong>visibilidade, alcance<\/strong> e<strong> impacto<\/strong>especialmente nas pessoas que formam uma comunidade. <\/p>\n\n\n\n<p>Aqui est\u00e3o alguns deles <strong>Recomenda\u00e7\u00f5es para a forma\u00e7\u00e3o de um ERG<\/strong>:<\/p>\n\n\n\n<ul class=\"wp-block-list\">\n<li>estabelece um <strong>PLANO DE TRABALHO<\/strong>;<\/li>\n\n\n\n<li>delimitar sua <strong>escopo<\/strong>;<\/li>\n\n\n\n<li>Defina seu <strong>miss\u00e3o e vis\u00e3o<\/strong>;<\/li>\n\n\n\n<li>Seja claro <strong>suas metas SMART<\/strong>que deve ser <strong>espec\u00edfico <\/strong>(<em>Espec\u00edfico<\/em>), <strong>mensur\u00e1vel <\/strong>(<em>Mensur\u00e1vel<\/em>), <strong>realiz\u00e1vel <\/strong>(<em>Realiz\u00e1vel<\/em>), <strong>realistas <\/strong>(<em>Realista<\/em>)y <strong>de dura\u00e7\u00e3o limitada <\/strong>(<em>Com prazo determinado<\/em>);<\/li>\n\n\n\n<li>define o <strong>estrutura<\/strong>, <strong>fun\u00e7\u00f5es <\/strong>y <strong>responsabilidades<\/strong> dentro do grupo;<\/li>\n\n\n\n<li>estabelece um <strong>calend\u00e1rio de atividades <\/strong>e um <strong>or\u00e7amento poss\u00edvel<\/strong>;<\/li>\n\n\n\n<li>Lembre-se de que <strong>O senhor vai precisar de muita ajuda<\/strong> E \u00e9 por isso que \u00e9 conveniente ter em m\u00e3os um <strong><em>Patrocinador executivo<\/em><\/strong> (Patrocinador Executivo), que \u00e9 uma figura-chave na <strong>Sustentabilidade do ERG<\/strong> e o apoio das equipes de lideran\u00e7a;<\/li>\n\n\n\n<li>ter um <strong>planejamento de sucess\u00e3o<\/strong>Os ERGs t\u00eam um ciclo, assim como as pessoas;<\/li>\n\n\n\n<li>considera que o <strong>o escopo \u00e9 volunt\u00e1rio<\/strong>;<\/li>\n\n\n\n<li>Saiba que<strong> Haver\u00e1 desafios<\/strong>especialmente por causa da <strong>presen\u00e7a e comunica\u00e7\u00e3o<\/strong>;<\/li>\n\n\n\n<li>Certifique-se de que o <strong>valor do funcion\u00e1rio<\/strong> e o senhor <strong>Estrat\u00e9gia DEI (diversidade e inclus\u00e3o)<\/strong> fazer parte de seus objetivos na proposta e no desenvolvimento para dar mais peso e comprometimento;<\/li>\n\n\n\n<li>se divertir e, na medida do poss\u00edvel, transform\u00e1-los em <strong>grupos confi\u00e1veis<\/strong> e promove a inova\u00e7\u00e3o;<\/li>\n\n\n\n<li><strong>identifica e convida todas as pessoas que desejam fazer parte de um ERG<\/strong>seja como membros respons\u00e1veis e com pap\u00e9is ou como agentes de mudan\u00e7a.<\/li>\n<\/ul>\n\n\n\n<div style=\"height:40px\" aria-hidden=\"true\" class=\"wp-block-spacer\"><\/div>\n\n\n\n<h4 class=\"wp-block-heading has-text-align-left\">Como podemos gerenciar e promover um ERG dentro da empresa?<\/h4>\n\n\n\n<p>Para aprimorar o <strong>resultados dos ERGs nas organiza\u00e7\u00f5es<\/strong>Alguns dos aspectos que devem ser levados em conta s\u00e3o os seguintes. <\/p>\n\n\n\n<ul class=\"wp-block-list\">\n<li>Acreditando no poder desses grupos como <strong>catalisadores para mudan\u00e7as sustent\u00e1veis<\/strong>. Para isso, \u00e9 importante dar uma <strong>voto de confian\u00e7a e capacita\u00e7\u00e3o das pessoas<\/strong> que desejam form\u00e1-la.<\/li>\n\n\n\n<li>Para fornecer <strong>confian\u00e7a dos funcion\u00e1rios<\/strong> sobre o papel que desempenham na <strong>gerenciamento do ambiente de trabalho seguro<\/strong> e que haver\u00e1 um <strong>compromisso real dos l\u00edderes em apoi\u00e1-los<\/strong> e \u00e0 mudan\u00e7a gerada.<\/li>\n\n\n\n<li>Gerar um <strong>mudan\u00e7a de paradigma<\/strong> nas pessoas, defendendo os direitos humanos de todos por meio de um compromisso interno e externo genu\u00edno.<\/li>\n\n\n\n<li>Lembre-se de que <strong>n\u00e3o h\u00e1 problema em n\u00e3o saber como as coisas s\u00e3o feitas<\/strong>. Como empresas, devemos ser vulner\u00e1veis e sens\u00edveis ao <strong>desaprender e reaprender<\/strong>.<\/li>\n\n\n\n<li>Ter um <strong><em>Patrocinador executivo<\/em><\/strong> ajuda muito a <strong>rompendo barreiras<\/strong>para gerar movimento e a\u00e7\u00e3o proativa e sustent\u00e1vel.<\/li>\n\n\n\n<li><strong>Alocar or\u00e7amentos que sejam traduzidos em planos de a\u00e7\u00e3o.<\/strong> tang\u00edveis (confer\u00eancias, workshops, participa\u00e7\u00e3o em f\u00f3runs, etc.), <em>c\u00fapulas<\/em>). Isso capacitar\u00e1 os membros do ERG a capacitarem a si mesmos e aos outros.<\/li>\n\n\n\n<li><strong>Alinhe a estrat\u00e9gia e os valores do valor do funcion\u00e1rio com o escopo do ERG.<\/strong><\/li>\n\n\n\n<li><strong>Continuando a tornar vis\u00edvel<\/strong> para uma maior abertura.<\/li>\n<\/ul>\n\n\n\n<p>Visite <strong>existem mais ERGs em uma empresa<\/strong>quanto maior a chance de viver um <strong>processo de transforma\u00e7\u00e3o<\/strong> com vistas a um <strong>cultura de respeito, inclus\u00e3o e cuidado<\/strong> para todas as pessoas e suas interseccionalidades.<\/p>\n\n\n\n<p>Sem d\u00favida, \u00e9 importante promover a cria\u00e7\u00e3o desses grupos que ajudar\u00e3o o senhor a contar uma hist\u00f3ria em que o <strong>A inclus\u00e3o e a diversidade ser\u00e3o gerenciadas com convic\u00e7\u00e3o.<\/strong>. Isso ajudar\u00e1 todos a ter um senso de pertencimento, autenticidade e capacita\u00e7\u00e3o para dar o melhor de si.<\/p>\n\n\n\n<div style=\"height:40px\" aria-hidden=\"true\" class=\"wp-block-spacer\"><\/div>\n\n\n\n<h4 class=\"wp-block-heading has-text-align-left\">E o senhor, acha importante que as empresas tenham esses grupos de afinidade? Vou ler o senhor nos coment\u00e1rios.<\/h4>\n\n\n\n<p>Com informa\u00e7\u00f5es do <a href=\"https:\/\/www.mckinsey.com\/capabilities\/people-and-organizational-performance\/our-insights\/effective-employee-resource-groups-are-key-to-inclusion-at-work-heres-how-to-get-them-right\" target=\"_blank\" rel=\"noreferrer noopener\">McKinsey<\/a><\/p>\n\n\n\n<p>Texto de H\u00e9ctor Sol\u00eds<\/p>","protected":false},"excerpt":{"rendered":"<p>Dizemos ao senhor o que s\u00e3o ERGs (Employee Resource Groups) e para que servem dentro das organiza\u00e7\u00f5es.<\/p>","protected":false},"author":5,"featured_media":3058,"comment_status":"open","ping_status":"open","sticky":true,"template":"","format":"standard","meta":{"footnotes":""},"categories":[76],"tags":[70,78,71,79,72,73],"class_list":["post-3026","post","type-post","status-publish","format-standard","has-post-thumbnail","hentry","category-inclusion-laboral","tag-diversidad","tag-empresa","tag-equidad","tag-erg","tag-inclusion","tag-inclusion-laboral"],"_links":{"self":[{"href":"https:\/\/comprodiverso.com\/pt\/wp-json\/wp\/v2\/posts\/3026","targetHints":{"allow":["GET"]}}],"collection":[{"href":"https:\/\/comprodiverso.com\/pt\/wp-json\/wp\/v2\/posts"}],"about":[{"href":"https:\/\/comprodiverso.com\/pt\/wp-json\/wp\/v2\/types\/post"}],"author":[{"embeddable":true,"href":"https:\/\/comprodiverso.com\/pt\/wp-json\/wp\/v2\/users\/5"}],"replies":[{"embeddable":true,"href":"https:\/\/comprodiverso.com\/pt\/wp-json\/wp\/v2\/comments?post=3026"}],"version-history":[{"count":4,"href":"https:\/\/comprodiverso.com\/pt\/wp-json\/wp\/v2\/posts\/3026\/revisions"}],"predecessor-version":[{"id":4622,"href":"https:\/\/comprodiverso.com\/pt\/wp-json\/wp\/v2\/posts\/3026\/revisions\/4622"}],"wp:featuredmedia":[{"embeddable":true,"href":"https:\/\/comprodiverso.com\/pt\/wp-json\/wp\/v2\/media\/3058"}],"wp:attachment":[{"href":"https:\/\/comprodiverso.com\/pt\/wp-json\/wp\/v2\/media?parent=3026"}],"wp:term":[{"taxonomy":"category","embeddable":true,"href":"https:\/\/comprodiverso.com\/pt\/wp-json\/wp\/v2\/categories?post=3026"},{"taxonomy":"post_tag","embeddable":true,"href":"https:\/\/comprodiverso.com\/pt\/wp-json\/wp\/v2\/tags?post=3026"}],"curies":[{"name":"wp","href":"https:\/\/api.w.org\/{rel}","templated":true}]}}