{"id":3091,"date":"2025-07-09T19:48:37","date_gmt":"2025-07-09T19:48:37","guid":{"rendered":"https:\/\/comprodiverso.com\/?p=3091"},"modified":"2025-07-15T20:11:25","modified_gmt":"2025-07-15T20:11:25","slug":"teste-o-quanto-oa-senhora-sabe-sobre-o-uso-de-pronomes","status":"publish","type":"post","link":"https:\/\/comprodiverso.com\/pt\/inclusao-trabalhista\/teste-o-quanto-oa-senhora-sabe-sobre-o-uso-de-pronomes\/","title":{"rendered":"Quiz: O que o(a) senhor(a) sabe sobre o uso de pronomes?"},"content":{"rendered":"<h4 class=\"wp-block-heading has-text-align-left\" id=\"h-si-estas-dudando-sobre-que-tanto-dominas-el-uso-correcto-de-los-pronombres-te-compartimos-el-siguiente-test\">Se estiver em d\u00favida se domina o uso correto dos pronomes, compartilhamos com o senhor o seguinte <em>teste.<\/em><\/h4>\n\n\n\n<p>Para muitas pessoas, o <strong>uso de pronomes<\/strong> e o <strong>linguagem inclusiva <\/strong>ainda \u00e9 um pouco complicado, portanto, para facilitar o uso do <strong>o senhor tem mais clareza e pode fazer suas perguntas <\/strong>recomendamos que o senhor fa\u00e7a o seguinte <strong><em>teste<\/em><\/strong>. Como j\u00e1 discutimos em outras ocasi\u00f5es,<strong> a melhor maneira de descobrir como uma pessoa se sente \u00e0 vontade para falar seu nome \u00e9 perguntar a ela com respeito<\/strong>.<\/p>\n\n\n\n<p>No entanto, existem outros<strong> quest\u00f5es que o senhor precisa considerar de forma mais t\u00e9cnica<\/strong>. Como exemplo, encontramos o <strong>uso do \"e<\/strong>. Depois de esclarecer o que foi dito acima, o senhor pode clicar no seguinte <em>teste<\/em> Divirta-se com isso! <\/p>\n\n\n\n<div class=\"interact_responsive_padding\" style=\"padding: 180% 0 0 0; position: relative; margin-bottom: 5px;\">\n<div class=\"interact_responsive_wrapper\" style=\"height: 100%; left: 0; position: absolute; top: 0; width: 100%;\"><iframe loading=\"lazy\" id=\"interactApp61704cc824c63200182e5e2d\" style=\"border: none; max-width: 100%; margin: 0;\" src=\"https:\/\/quiz.tryinteract.com\/#\/61704cc824c63200182e5e2d?method=iframe\" width=\"100%\" height=\"100%\" frameborder=\"0\"><\/iframe><\/div>\n<\/div>\n\n\n\n<h4 class=\"wp-block-heading has-text-align-left\" id=\"h-como-te-fue\">Como foi?<\/h4>\n\n\n\n<p>Independentemente do seu resultado, queremos lhe dizer que o senhor est\u00e1 fazendo um \u00f3timo exerc\u00edcio. Se o senhor clicou neste <em>teste<\/em>&nbsp;O uso correto dos pronomes \u00e9 porque \u00e9 do interesse do senhor. <\/p>\n\n\n\n<p>Al\u00e9m de garantir que o senhor n\u00e3o pratique viol\u00eancia, <strong>o senhor deseja ter mais ferramentas para ajudar outras pessoas que est\u00e3o come\u00e7ando no assunto e na pr\u00e1tica<\/strong>. Esse \u00e9 um grande passo. Sabemos muito bem que o<strong> Uma das raz\u00f5es para demonstrar uma opini\u00e3o contr\u00e1ria \u00e9 a falta de conhecimento<\/strong>.<\/p>\n\n\n\n<p>\u00c9 verdade: a rejei\u00e7\u00e3o de determinados grupos tem a ver apenas com uma postura discriminat\u00f3ria. No entanto, <strong>h\u00e1 outros setores que se recusam a usar pronomes por medo de errar<\/strong>. <\/p>\n\n\n\n<p>Isso \u00e9 normal. Ser educado sob <strong>discurso que privilegia a constru\u00e7\u00e3o bin\u00e1ria<\/strong> <strong>de linguagem<\/strong>Algumas palavras nos incomodam. <\/p>\n\n\n\n<div style=\"height:40px\" aria-hidden=\"true\" class=\"wp-block-spacer\"><\/div>\n\n\n\n<h4 class=\"wp-block-heading has-text-align-left\" id=\"h-la-e-es-una-letra-que-poco-en-poco-se-convertira-en-nuestra-mejor-amiga\">O \"e\" \u00e9 uma letra que gradualmente se tornar\u00e1 nossa melhor amiga.<\/h4>\n\n\n\n<p>Enquanto o senhor estava fazendo isso <em>teste<\/em> sobre o uso correto dos pronomes, o senhor provavelmente, mais uma vez, fez papel de bobo com o uso do 'e'. <strong>O \"e\" \u00e9 usado para criticar o cissexismo na linguagem.<\/strong> <\/p>\n\n\n\n<p>Lembre-se de que <strong>Essa \u00e9 apenas uma maneira de nos expressarmos de forma mais inclusiva.<\/strong>. <\/p>\n\n\n\n<p>Sob essa premissa, \u00e9 importante que o senhor leve em conta que<strong> O \"e\" n\u00e3o \u00e9 usado em todas as palavras<\/strong>.<strong> \u00c9 usado para se referir a pessoas que n\u00e3o reduzem sua exist\u00eancia a sistemas bin\u00e1rios.<\/strong> Outra situa\u00e7\u00e3o em que ele \u00e9 usado com frequ\u00eancia \u00e9 quando h\u00e1 muitas pessoas presentes. Por exemplo: uma sala de aula. <\/p>\n\n\n\n<p>Nesse ponto, o <strong>Associa\u00e7\u00e3o Americana de Psicologia<\/strong> salienta que <strong>O uso correto dos pronomes ajuda os presentes a se sentirem mais confiantes.<\/strong>. <\/p>\n\n\n\n<p>Assim que come\u00e7armos a perceber os benef\u00edcios de respeitar as diversas identidades, o senhor poder\u00e1 se beneficiar de uma nova forma de pensar,<strong> o uso de pronomes ser\u00e1 uma de nossas pr\u00e1ticas di\u00e1rias<\/strong>.<strong> <\/strong><\/p>\n\n\n\n<div style=\"height:40px\" aria-hidden=\"true\" class=\"wp-block-spacer\"><\/div>\n\n\n\n<h4 class=\"wp-block-heading has-text-align-left\" id=\"h-te-fue-util-este-test-sobre-el-uso-de-los-pronombres\">O senhor achou isso \u00fatil? <em>teste<\/em> sobre o uso de pronomes?<\/h4>\n\n\n\n<p>Com informa\u00e7\u00f5es do <a href=\"https:\/\/www.apa.org\/apags\/governance\/subcommittees\/supporting-diverse-students-spanish.pdf\" target=\"_blank\" rel=\"noopener\"><em>Guia de apoio para alunos transg\u00eaneros e com diversidade de g\u00eanero<\/em><\/a><\/p>","protected":false},"excerpt":{"rendered":"<p>Se estiver apenas come\u00e7ando a usar os pronomes, recomendamos que fa\u00e7a este teste para descobrir se est\u00e1 usando os pronomes corretamente.<\/p>","protected":false},"author":5,"featured_media":3098,"comment_status":"closed","ping_status":"open","sticky":false,"template":"","format":"standard","meta":{"footnotes":""},"categories":[76],"tags":[70,71,72,73,74],"class_list":["post-3091","post","type-post","status-publish","format-standard","has-post-thumbnail","hentry","category-inclusion-laboral","tag-diversidad","tag-equidad","tag-inclusion","tag-inclusion-laboral","tag-test"],"_links":{"self":[{"href":"https:\/\/comprodiverso.com\/pt\/wp-json\/wp\/v2\/posts\/3091","targetHints":{"allow":["GET"]}}],"collection":[{"href":"https:\/\/comprodiverso.com\/pt\/wp-json\/wp\/v2\/posts"}],"about":[{"href":"https:\/\/comprodiverso.com\/pt\/wp-json\/wp\/v2\/types\/post"}],"author":[{"embeddable":true,"href":"https:\/\/comprodiverso.com\/pt\/wp-json\/wp\/v2\/users\/5"}],"replies":[{"embeddable":true,"href":"https:\/\/comprodiverso.com\/pt\/wp-json\/wp\/v2\/comments?post=3091"}],"version-history":[{"count":5,"href":"https:\/\/comprodiverso.com\/pt\/wp-json\/wp\/v2\/posts\/3091\/revisions"}],"predecessor-version":[{"id":3157,"href":"https:\/\/comprodiverso.com\/pt\/wp-json\/wp\/v2\/posts\/3091\/revisions\/3157"}],"wp:featuredmedia":[{"embeddable":true,"href":"https:\/\/comprodiverso.com\/pt\/wp-json\/wp\/v2\/media\/3098"}],"wp:attachment":[{"href":"https:\/\/comprodiverso.com\/pt\/wp-json\/wp\/v2\/media?parent=3091"}],"wp:term":[{"taxonomy":"category","embeddable":true,"href":"https:\/\/comprodiverso.com\/pt\/wp-json\/wp\/v2\/categories?post=3091"},{"taxonomy":"post_tag","embeddable":true,"href":"https:\/\/comprodiverso.com\/pt\/wp-json\/wp\/v2\/tags?post=3091"}],"curies":[{"name":"wp","href":"https:\/\/api.w.org\/{rel}","templated":true}]}}