{"id":3505,"date":"2025-08-06T18:52:34","date_gmt":"2025-08-06T18:52:34","guid":{"rendered":"https:\/\/comprodiverso.com\/?p=3505"},"modified":"2025-08-06T19:54:09","modified_gmt":"2025-08-06T19:54:09","slug":"impacto-do-dia-internacional-dos-povos-indigenas-no-campo-do-trabalho","status":"publish","type":"post","link":"https:\/\/comprodiverso.com\/pt\/inclusao-trabalhista\/impacto-do-dia-internacional-dos-povos-indigenas-no-campo-do-trabalho\/","title":{"rendered":"Impacto do Dia Internacional dos Povos Ind\u00edgenas do Mundo no mundo do trabalho"},"content":{"rendered":"<h4 class=\"wp-block-heading\">O dia 9 de agosto marca o Dia Internacional dos Povos Ind\u00edgenas do Mundo e, no contexto trabalhista, essa data \u00e9 uma oportunidade para refletir e refor\u00e7ar o compromisso institucional de cada empresa com a inclus\u00e3o, a equidade e o respeito aos direitos humanos desse setor da popula\u00e7\u00e3o.<\/h4>\n\n\n\n<p>O <strong>Dia Internacional dos Povos Ind\u00edgenas do Mundo<\/strong> foi <strong>estabelecido pela Assembleia Geral da Organiza\u00e7\u00e3o das Na\u00e7\u00f5es Unidas<\/strong> em uma reuni\u00e3o realizada em 23 de dezembro de 1994; nessa ocasi\u00e3o <strong>Foi acordado que a data seria comemorada em 9 de agosto de cada ano<\/strong>.<\/p>\n\n\n\n<p><strong>O M\u00e9xico \u00e9 um pa\u00eds multicultural.<\/strong> Em nosso contexto, esse dia nos permite distinguir o legado e as contribui\u00e7\u00f5es que os povos ind\u00edgenas fizeram para a cultura nacional.<\/p>\n\n\n\n<p><strong>O reconhecimento dos povos ind\u00edgenas tamb\u00e9m ocorre no ambiente de trabalho.<\/strong> Isso n\u00e3o apenas responde a um compromisso \u00e9tico e de direitos humanos, mas tamb\u00e9m<strong> Fortalece os princ\u00edpios de sustentabilidade, inova\u00e7\u00e3o e justi\u00e7a social dentro da organiza\u00e7\u00e3o.<\/strong>.<\/p>\n\n\n\n<figure class=\"wp-block-image size-large\"><img loading=\"lazy\" decoding=\"async\" width=\"1024\" height=\"405\" src=\"http:\/\/comprodiverso.com\/wp-content\/uploads\/2025\/08\/buenas-practicas-trabajar-comunidades-pueblos-indigenas-comprodiverso-1024x405.jpg\" alt=\"sess\u00e3o de boas pr\u00e1ticas comunidades iberdrola povos ind\u00edgenas comprodiverso\" class=\"wp-image-3536\" srcset=\"https:\/\/comprodiverso.com\/wp-content\/uploads\/2025\/08\/buenas-practicas-trabajar-comunidades-pueblos-indigenas-comprodiverso-1024x405.jpg 1024w, https:\/\/comprodiverso.com\/wp-content\/uploads\/2025\/08\/buenas-practicas-trabajar-comunidades-pueblos-indigenas-comprodiverso-300x119.jpg 300w, https:\/\/comprodiverso.com\/wp-content\/uploads\/2025\/08\/buenas-practicas-trabajar-comunidades-pueblos-indigenas-comprodiverso-768x304.jpg 768w, https:\/\/comprodiverso.com\/wp-content\/uploads\/2025\/08\/buenas-practicas-trabajar-comunidades-pueblos-indigenas-comprodiverso-18x7.jpg 18w, https:\/\/comprodiverso.com\/wp-content\/uploads\/2025\/08\/buenas-practicas-trabajar-comunidades-pueblos-indigenas-comprodiverso.jpg 1200w\" sizes=\"auto, (max-width: 1024px) 100vw, 1024px\" \/><\/figure>\n\n\n\n<p><em>Quer saber mais? <strong><a href=\"https:\/\/events.teams.microsoft.com\/event\/7040d028-6036-4c7f-bd03-c689e5c56877@67acac1f-c4cf-433c-93a1-935f5bf430ab\">Registre-se aqui<\/a> e participe de nossa sess\u00e3o virtual sobre pr\u00e1ticas recomendadas<\/strong> sobre <strong>Quinta-feira, 14 de agosto<\/strong>onde conheceremos a hist\u00f3ria de sucesso da Iberdrola, uma empresa afiliada que colabora com comunidades ind\u00edgenas.<\/em><\/p>\n\n\n\n<div style=\"height:40px\" aria-hidden=\"true\" class=\"wp-block-spacer\"><\/div>\n\n\n\n<h4 class=\"wp-block-heading\">Qual \u00e9 a situa\u00e7\u00e3o das pessoas pertencentes a povos ind\u00edgenas no contexto do trabalho no M\u00e9xico e na Am\u00e9rica Latina?<\/h4>\n\n\n\n<p>De acordo com dados do Conselho Nacional de Popula\u00e7\u00e3o do M\u00e9xico (Conapo), <strong>19,4% da popula\u00e7\u00e3o com tr\u00eas anos ou mais se identificou como pertencente a um povo ind\u00edgena em 2020.<\/strong>. Isso era equivalente a<strong> mais de 23 milh\u00f5es de habitantes<\/strong>.<\/p>\n\n\n\n<p>Em rela\u00e7\u00e3o \u00e0 m\u00e3o de obra, com base nos dados fornecidos pela Organiza\u00e7\u00e3o Internacional do Trabalho (OIT) em 2022, <strong>85% das pessoas pertencentes a povos ind\u00edgenas na Am\u00e9rica Latina e no Caribe est\u00e3o empregadas na economia informal.<\/strong>.<\/p>\n\n\n\n<p>Isso significa que <strong>s\u00e3o exclu\u00eddos de alguns direitos<\/strong> que eles poderiam acessar enquanto estivessem no setor formal, <strong>como previd\u00eancia social, f\u00e9rias e abono de Natal<\/strong>.<\/p>\n\n\n\n<p>Por outro lado, obter mais informa\u00e7\u00f5es da OIT,<strong> A Am\u00e9rica Latina \u00e9 a regi\u00e3o com a maior diferen\u00e7a de renda do trabalho<\/strong>. Isso significa que <strong>os sal\u00e1rios dos povos ind\u00edgenas s\u00e3o apenas 33% do que a popula\u00e7\u00e3o em geral ganha em m\u00e9dia.<\/strong>.<\/p>\n\n\n\n<p>A esse respeito, a Comiss\u00e3o Nacional de Direitos Humanos (CNDH) afirma em seu documento <em>O direito humano ao trabalho dos povos ind\u00edgenas<\/em> que <strong>a desigualdade est\u00e1 sendo perpetuada no M\u00e9xico<\/strong>:<\/p>\n\n\n\n<blockquote class=\"wp-block-quote is-layout-flow wp-block-quote-is-layout-flow\">\n<p>\"O direito humano ao trabalho dos membros dos povos e comunidades ind\u00edgenas apresenta grandes defasagens que ainda n\u00e3o foram devidamente abordadas, as quais s\u00e3o fundamentais para a prote\u00e7\u00e3o desse setor dos mexicanos que sofre discrimina\u00e7\u00e3o sistem\u00e1tica e desfruta de n\u00edveis de bem-estar social mais baixos do que a m\u00e9dia nacional\".<\/p>\n<\/blockquote>\n\n\n\n<p>O <strong>reconhecimento dos povos ind\u00edgenas no local de trabalho <\/strong>n\u00f3s <strong>permite<\/strong>:<\/p>\n\n\n\n<ul class=\"wp-block-list\">\n<li><strong>entender o<\/strong> <strong>a diversidade como uma for\u00e7a institucional <\/strong>que nos torna mais pluralistas;<\/li>\n\n\n\n<li><strong>inovar os processos internos<\/strong> por meio do conhecimento que os povos ind\u00edgenas t\u00eam em v\u00e1rias \u00e1reas;<\/li>\n\n\n\n<li><strong>atingir os objetivos de desenvolvimento sustent\u00e1vel da Agenda 2030<\/strong>especialmente aqueles que buscam o trabalho decente e a redu\u00e7\u00e3o das desigualdades.<\/li>\n<\/ul>\n\n\n\n<div style=\"height:40px\" aria-hidden=\"true\" class=\"wp-block-spacer\"><\/div>\n\n\n\n<h4 class=\"wp-block-heading\">O que a minha organiza\u00e7\u00e3o precisa fazer para que os povos ind\u00edgenas fa\u00e7am a diferen\u00e7a no local de trabalho?<\/h4>\n\n\n\n<ul class=\"wp-block-list\">\n<li><strong>Ter pol\u00edticas internas antidiscrimina\u00e7\u00e3o <\/strong>em rela\u00e7\u00e3o aos povos ind\u00edgenas.<\/li>\n\n\n\n<li><strong>Respeitar a diversidade cultural e lingu\u00edstica<\/strong> para promover a inclus\u00e3o genu\u00edna. Os exemplos incluem<strong> implementar treinamento e avalia\u00e7\u00f5es em idiomas ind\u00edgenas <\/strong>se h\u00e1 parceiros de povos ind\u00edgenas.<\/li>\n\n\n\n<li><strong>Promo\u00e7\u00e3o de uma cultura de equidade<\/strong> desde o processo de recrutamento at\u00e9 o trabalho cotidiano das pessoas empregadas.<\/li>\n\n\n\n<li>Ter um <strong>EQUIDADE SALARIAL<\/strong>.<\/li>\n\n\n\n<li><strong>Implementar programas de treinamento e conscientiza\u00e7\u00e3o intercultural. <\/strong>relacionados a essa quest\u00e3o.<\/li>\n<\/ul>\n\n\n\n<div style=\"height:40px\" aria-hidden=\"true\" class=\"wp-block-spacer\"><\/div>\n\n\n\n<figure class=\"wp-block-image size-large\"><img loading=\"lazy\" decoding=\"async\" width=\"1024\" height=\"405\" src=\"http:\/\/comprodiverso.com\/wp-content\/uploads\/2025\/08\/buenas-practicas-trabajar-comunidades-pueblos-indigenas-comprodiverso-1024x405.jpg\" alt=\"sess\u00e3o de boas pr\u00e1ticas comunidades iberdrola povos ind\u00edgenas comprodiverso\" class=\"wp-image-3536\" srcset=\"https:\/\/comprodiverso.com\/wp-content\/uploads\/2025\/08\/buenas-practicas-trabajar-comunidades-pueblos-indigenas-comprodiverso-1024x405.jpg 1024w, https:\/\/comprodiverso.com\/wp-content\/uploads\/2025\/08\/buenas-practicas-trabajar-comunidades-pueblos-indigenas-comprodiverso-300x119.jpg 300w, https:\/\/comprodiverso.com\/wp-content\/uploads\/2025\/08\/buenas-practicas-trabajar-comunidades-pueblos-indigenas-comprodiverso-768x304.jpg 768w, https:\/\/comprodiverso.com\/wp-content\/uploads\/2025\/08\/buenas-practicas-trabajar-comunidades-pueblos-indigenas-comprodiverso-18x7.jpg 18w, https:\/\/comprodiverso.com\/wp-content\/uploads\/2025\/08\/buenas-practicas-trabajar-comunidades-pueblos-indigenas-comprodiverso.jpg 1200w\" sizes=\"auto, (max-width: 1024px) 100vw, 1024px\" \/><\/figure>\n\n\n\n<p><em>Quer saber mais? <strong><a href=\"https:\/\/events.teams.microsoft.com\/event\/7040d028-6036-4c7f-bd03-c689e5c56877@67acac1f-c4cf-433c-93a1-935f5bf430ab\">Registre-se aqui<\/a> e participe de nossa sess\u00e3o virtual sobre pr\u00e1ticas recomendadas<\/strong> <em>sobre <strong>Quinta-feira, 14 de agosto<\/strong><\/em>onde conheceremos a hist\u00f3ria de sucesso da Iberdrola, uma empresa afiliada que colabora com comunidades ind\u00edgenas. <\/em><\/p>\n\n\n\n<h4 class=\"wp-block-heading\">O senhor sabia do impacto dos povos ind\u00edgenas no contexto do trabalho no M\u00e9xico e na Am\u00e9rica Latina?<\/h4>\n\n\n\n<p>Com informa\u00e7\u00f5es do <a href=\"https:\/\/www.cndh.org.mx\/sites\/all\/doc\/cartillas\/2015-2016\/01-DH-trabajo-indigenas.pdf\" target=\"_blank\" rel=\"noreferrer noopener\">CNDH<\/a>, <a href=\"https:\/\/www.gob.mx\/cms\/uploads\/attachment\/file\/907689\/Conapo.__2024_._Poblacion_indigena._Caracteristicas_sociodemograficas_2020..pdf\" target=\"_blank\" rel=\"noreferrer noopener\">Conapo<\/a>, <a href=\"https:\/\/www.ilo.org\/sites\/default\/files\/wcmsp5\/groups\/public\/%40americas\/%40ro-lima\/documents\/publication\/wcms_864130.pdf\" target=\"_blank\" rel=\"noreferrer noopener\">OIT<\/a> y <a href=\"https:\/\/www.jornada.com.mx\/2022\/12\/17\/economia\/016n1eco\" target=\"_blank\" rel=\"noreferrer noopener\"><em>La Jornada<\/em><\/a><\/p>\n\n\n\n<p>Pesquisa e edi\u00e7\u00e3o de Jos\u00e9 Manuel R\u00edos, Rodrigo Hern\u00e1ndez Vera e Mildred P\u00e9rez de la Torre<\/p>","protected":false},"excerpt":{"rendered":"<p>O dia 9 de agosto marca o Dia Internacional dos Povos Ind\u00edgenas do Mundo. Saiba mais sobre o atual contexto trabalhista no M\u00e9xico e na Am\u00e9rica Latina.<\/p>","protected":false},"author":5,"featured_media":3511,"comment_status":"closed","ping_status":"open","sticky":false,"template":"","format":"standard","meta":{"footnotes":""},"categories":[76],"tags":[70,71,72],"class_list":["post-3505","post","type-post","status-publish","format-standard","has-post-thumbnail","hentry","category-inclusion-laboral","tag-diversidad","tag-equidad","tag-inclusion"],"_links":{"self":[{"href":"https:\/\/comprodiverso.com\/pt\/wp-json\/wp\/v2\/posts\/3505","targetHints":{"allow":["GET"]}}],"collection":[{"href":"https:\/\/comprodiverso.com\/pt\/wp-json\/wp\/v2\/posts"}],"about":[{"href":"https:\/\/comprodiverso.com\/pt\/wp-json\/wp\/v2\/types\/post"}],"author":[{"embeddable":true,"href":"https:\/\/comprodiverso.com\/pt\/wp-json\/wp\/v2\/users\/5"}],"replies":[{"embeddable":true,"href":"https:\/\/comprodiverso.com\/pt\/wp-json\/wp\/v2\/comments?post=3505"}],"version-history":[{"count":5,"href":"https:\/\/comprodiverso.com\/pt\/wp-json\/wp\/v2\/posts\/3505\/revisions"}],"predecessor-version":[{"id":3545,"href":"https:\/\/comprodiverso.com\/pt\/wp-json\/wp\/v2\/posts\/3505\/revisions\/3545"}],"wp:featuredmedia":[{"embeddable":true,"href":"https:\/\/comprodiverso.com\/pt\/wp-json\/wp\/v2\/media\/3511"}],"wp:attachment":[{"href":"https:\/\/comprodiverso.com\/pt\/wp-json\/wp\/v2\/media?parent=3505"}],"wp:term":[{"taxonomy":"category","embeddable":true,"href":"https:\/\/comprodiverso.com\/pt\/wp-json\/wp\/v2\/categories?post=3505"},{"taxonomy":"post_tag","embeddable":true,"href":"https:\/\/comprodiverso.com\/pt\/wp-json\/wp\/v2\/tags?post=3505"}],"curies":[{"name":"wp","href":"https:\/\/api.w.org\/{rel}","templated":true}]}}