{"id":4061,"date":"2025-09-25T21:15:41","date_gmt":"2025-09-25T21:15:41","guid":{"rendered":"https:\/\/comprodiverso.com\/?p=4061"},"modified":"2025-10-17T19:44:40","modified_gmt":"2025-10-17T19:44:40","slug":"estatisticas-inclusao-de-pessoas-de-baixa-estatura-mexico","status":"publish","type":"post","link":"https:\/\/comprodiverso.com\/pt\/inclusao-trabalhista\/estatisticas-inclusao-de-pessoas-de-baixa-estatura-mexico\/","title":{"rendered":"Estat\u00edsticas e inclus\u00e3o de pessoas de baixa estatura no M\u00e9xico"},"content":{"rendered":"<h4 class=\"wp-block-heading\">O Dia Mundial das Pessoas com Defici\u00eancia (25 de outubro) \u00e9 um dia que reconhece a diversidade corporal, os direitos, a inclus\u00e3o e a igualdade de oportunidades para as pessoas que vivem com essa defici\u00eancia.<\/h4>\n\n\n\n<p>Em um mundo onde a inclus\u00e3o ainda \u00e9 uma meta, <strong>25 de outubro, Dia Mundial das Pessoas Baixas, convida a refletir sobre a import\u00e2ncia do respeito e da equidade necess\u00e1rios para essa popula\u00e7\u00e3o.<\/strong>que <strong>no M\u00e9xico \u00e9 legalmente reconhecido <\/strong>na categoria de <strong>pessoas que vivem com alguma defici\u00eancia<\/strong>.<\/p>\n\n\n\n<div style=\"height:40px\" aria-hidden=\"true\" class=\"wp-block-spacer\"><\/div>\n\n\n\n<h4 class=\"wp-block-heading\">Hist\u00f3ria do Dia Mundial da Baixa Estatura <\/h4>\n\n\n\n<p><strong>O Dia Mundial dos Baixinhos \u00e9 25 de outubro. <\/strong>Essa iniciativa <strong>surgiu em 2013 gra\u00e7as \u00e0 organiza\u00e7\u00e3o Little People of America.<\/strong>. <\/p>\n\n\n\n<p>Uma das figuras em que o<strong> foi inspirado por esta efem\u00e9ride <\/strong>foi <strong>ator William John Bertanzetti (tamb\u00e9m conhecido como Billy Barty)<\/strong>que faleceu em 23 de dezembro de 2000. <strong>Ele era um homem de baixa estatura que fundou a Little People of America. <\/strong>A associa\u00e7\u00e3o foi fundada em 1957 e tem sido uma for\u00e7a motriz para a igualdade de direitos das pessoas de baixa estatura nos Estados Unidos.<\/p>\n\n\n\n<p>De acordo com o Conselho para a Preven\u00e7\u00e3o e Elimina\u00e7\u00e3o da Discrimina\u00e7\u00e3o (Copred), <strong>Essa data come\u00e7ou a ser comemorada no M\u00e9xico em 2014.<\/strong>. Al\u00e9m disso, <strong>Em 12 de julho de 2018, houve uma reforma que alterou o artigo 4 da Lei Geral para a Inclus\u00e3o de Pessoas com Defici\u00eancia.<\/strong>. Isso foi feito para que o<strong> incluindo acondroplasia ou baixa estatura como um tipo de defici\u00eancia<\/strong>.<\/p>\n\n\n\n<div style=\"height:40px\" aria-hidden=\"true\" class=\"wp-block-spacer\"><\/div>\n\n\n\n<h4 class=\"wp-block-heading\">Quem \u00e9 considerado de baixa estatura?<\/h4>\n\n\n\n<p>Com base em dados da Little People of America,<strong> pessoas baixas t\u00eam uma altura adulta de 1,48 metros ou menos<\/strong>. Al\u00e9m disso<strong>H\u00e1 pelo menos 400 formas diferentes de displasia esquel\u00e9tica.<\/strong>que pode afetar pessoas baixas. No entanto, <strong>A condi\u00e7\u00e3o mais comum \u00e9 a acondroplasia<\/strong>.<\/p>\n\n\n\n<p>Um dos pontos relevantes sobre o t\u00f3pico de pessoas baixas \u00e9<strong> n\u00e3o olhar para essa quest\u00e3o de uma perspectiva capacitadora ou trat\u00e1-los como crian\u00e7as <\/strong>como adultos. <\/p>\n\n\n\n<div style=\"height:40px\" aria-hidden=\"true\" class=\"wp-block-spacer\"><\/div>\n\n\n\n<h4 class=\"wp-block-heading\">Fatos sobre pessoas de baixa estatura no M\u00e9xico<\/h4>\n\n\n\n<p>No M\u00e9xico<strong> H\u00e1 cerca de 11.000 pessoas de baixa estatura<\/strong> de acordo com dados fornecidos pela Comiss\u00e3o Nacional de Direitos Humanos (CNDH) em 2018. No entanto, <strong>n\u00e3o h\u00e1 n\u00fameros oficiais apoiados pelo Instituto Nacional de Geografia e Estat\u00edstica (Inegi).<\/strong>O grupo populacional ainda n\u00e3o foi registrado.<\/p>\n\n\n\n<p><strong>\u00c9 importante que a Inegi realize um estudo demogr\u00e1fico sobre a popula\u00e7\u00e3o de baixa estatura no M\u00e9xico.<\/strong>, Os dados poderiam revelar quais s\u00e3o os problemas mais comuns que eles enfrentam. Al\u00e9m disso, <strong>mostraria at\u00e9 que ponto a inclus\u00e3o e a igualdade de direitos se estendem<\/strong> em todas as \u00e1reas da vida no pa\u00eds.<\/p>\n\n\n\n<div style=\"height:40px\" aria-hidden=\"true\" class=\"wp-block-spacer\"><\/div>\n\n\n\n<h4 class=\"wp-block-heading\">Linguagem apropriada para se referir a esse setor da popula\u00e7\u00e3o<\/h4>\n\n\n\n<p>Por outro lado,<strong> os termos \"an\u00e3o\" e \"an\u00e3o\" s\u00e3o considerados agressivos e pejorativos <\/strong>para se referir a essa popula\u00e7\u00e3o.<strong> A maneira correta de se referir a eles \u00e9 como pessoas baixas.<\/strong>ou, alternativamente, apenas<strong> falar com eles pelo nome<\/strong>.<\/p>\n\n\n\n<div style=\"height:40px\" aria-hidden=\"true\" class=\"wp-block-spacer\"><\/div>\n\n\n\n<h4 class=\"wp-block-heading\">A situa\u00e7\u00e3o de emprego das pessoas de baixa estatura no M\u00e9xico<\/h4>\n\n\n\n<p>No caso do cen\u00e1rio trabalhista no M\u00e9xico, <strong>n\u00e3o h\u00e1 n\u00fameros oficiais que nos permitam saber exatamente no que as pessoas de baixa estatura est\u00e3o trabalhando<\/strong>. No entanto, se levarmos em conta que<strong> <\/strong>em<strong> legalmente reconhecido como um tipo de defici\u00eancia<\/strong>Podemos usar os n\u00fameros da Inegi para 2020: <strong>apenas 38% das pessoas com mais de 15 anos com defici\u00eancia eram economicamente ativas.<\/strong>.<\/p>\n\n\n\n<p>No entanto, <strong>N\u00e3o h\u00e1 dados que nos permitam saber quantas pessoas de baixa estatura est\u00e3o inclu\u00eddas no setor formal.<\/strong> da economia. <\/p>\n\n\n\n<p>Por outro lado, <strong>Jacob Zayas Garc\u00eda, representante da associa\u00e7\u00e3o civil Somos Peque\u00f1os Veracruz, explicou<\/strong> em uma entrevista com o <em>Jornal Xalapa<\/em> em 2023 <strong>que 80% de pessoas de baixa estatura est\u00e3o desempregadas.<\/strong>.<\/p>\n\n\n\n<blockquote class=\"wp-block-quote is-layout-flow wp-block-quote-is-layout-flow\">\n<p>\"Mais de 80% de pessoas de baixa estatura n\u00e3o t\u00eam um emprego formal, um diploma, um desenvolvimento profissional, o que estamos buscando \u00e9 eliminar a discrimina\u00e7\u00e3o, queremos que seja reconhecido que elas sofrem, que t\u00eam necessidades\".<\/p>\n<\/blockquote>\n\n\n\n<div style=\"height:40px\" aria-hidden=\"true\" class=\"wp-block-spacer\"><\/div>\n\n\n\n<h4 class=\"wp-block-heading\">A\u00e7\u00f5es a serem tomadas no ambiente de trabalho para conseguir a inclus\u00e3o de pessoas de baixa estatura<\/h4>\n\n\n\n<ul class=\"wp-block-list\">\n<li><strong>Garantir o recrutamento inclusivo<\/strong> <strong>e com<\/strong> <strong>igualdade de oportunidades<\/strong> com base nas habilidades f\u00edsicas e intelectuais da pessoa;<\/li>\n\n\n\n<li><strong>melhorar a acessibilidade dos escrit\u00f3rios e espa\u00e7os de trabalho<\/strong> para que pessoas de baixa estatura tenham a oportunidade de <strong>autonomia de mobilidade<\/strong>;<\/li>\n\n\n\n<li><strong>para ter uma etapa universal <\/strong>em locais do escrit\u00f3rio onde pessoas de baixa estatura possam precisar;<\/li>\n\n\n\n<li>fornecer <strong>seguro de sa\u00fade e apoio psicol\u00f3gico para pessoas de baixa estatura<\/strong>;<\/li>\n\n\n\n<li><strong>garantir espa\u00e7os livres de discrimina\u00e7\u00e3o<\/strong> refor\u00e7ada por treinamento para conscientizar os trabalhadores sobre essa quest\u00e3o.<\/li>\n<\/ul>\n\n\n\n<div style=\"height:40px\" aria-hidden=\"true\" class=\"wp-block-spacer\"><\/div>\n\n\n\n<h4 class=\"wp-block-heading\">O que \u00e9 a etapa universal e qual \u00e9 sua relev\u00e2ncia para as pessoas de baixa estatura?<\/h4>\n\n\n\n<p>O <strong>passo universal<\/strong> \u00e9 um<strong> plataforma com a qual pessoas de baixa estatura podem ter acesso igualit\u00e1rio a alguns espa\u00e7os<\/strong> <strong>que normalmente estariam fora de alcance<\/strong>. <\/p>\n\n\n\n<p>Idealmente, o padr\u00e3o oficial mexicano <strong>NOM-001-STPS-2008, Edif\u00edcios, locais, instala\u00e7\u00f5es e \u00e1reas em locais de trabalho - Condi\u00e7\u00f5es de seguran\u00e7a.<\/strong>, O padr\u00e3o para escadas \u00e9 o padr\u00e3o para escadas, que define as caracter\u00edsticas que as escadas devem ter. Se tomarmos esse padr\u00e3o como base, podemos concluir que<strong> uma etapa universal precisa dessas caracter\u00edsticas<\/strong>:<\/p>\n\n\n\n<ul class=\"wp-block-list\">\n<li><strong>pode ser de uma ou duas etapas<\/strong>;<\/li>\n\n\n\n<li>o <strong>margens<\/strong> do <strong>os degraus devem ser arredondados<\/strong>; <\/li>\n\n\n\n<li>o <strong>pegadas dos degraus <\/strong>em suas se\u00e7\u00f5es retas <strong>precisam ter pelo menos 25 cent\u00edmetros de comprimento <\/strong>e o <strong>supereleva\u00e7\u00f5es<\/strong> <strong>n\u00e3o deve exceder 23 cent\u00edmetros de altura<\/strong>;<\/li>\n\n\n\n<li>deve ser capaz de <strong>suportar pelo menos 50 kg<\/strong>;<\/li>\n\n\n\n<li><strong>pode ter grades nas laterais <\/strong>para proporcionar maior seguran\u00e7a;<\/li>\n\n\n\n<li>pode ser <strong>fixo ou m\u00f3vel<\/strong>.<\/li>\n<\/ul>\n\n\n\n<p>No M\u00e9xico, <strong>a iniciativa de ter degraus universais em escrit\u00f3rios do governo e espa\u00e7os p\u00fablicos j\u00e1 foi introduzida em<\/strong> congressos em v\u00e1rios estados, como <strong>Sonora, Baja California, Coahuila, Michoac\u00e1n, Nayarit, Guanajuato, Quer\u00e9taro e Cidade do M\u00e9xico.<\/strong>. Al\u00e9m disso, <strong>Sua implementa\u00e7\u00e3o j\u00e1 foi iniciada em Coahuila, Michoac\u00e1n, Quer\u00e9taro e Nayarit.<\/strong>.<\/p>\n\n\n\n<p>Idealmente, <strong>O objetivo \u00e9 tornar essas etapas uma realidade n\u00e3o apenas nos escrit\u00f3rios do governo, mas tamb\u00e9m em shopping centers, bancos, escolas e em qualquer outro espa\u00e7o. <\/strong>onde est\u00e3o as pessoas baixas.<\/p>\n\n\n\n<div style=\"height:40px\" aria-hidden=\"true\" class=\"wp-block-spacer\"><\/div>\n\n\n\n<h4 class=\"wp-block-heading\">O senhor sabia desses fatos interessantes sobre pessoas baixas?<\/h4>\n\n\n\n<p>Fontes: Governo do M\u00e9xico (<a href=\"https:\/\/www.gob.mx\/conadis\/articulos\/dia-mundial-de-las-personas-de-talla-baja\" target=\"_blank\" rel=\"noreferrer noopener\">1<\/a>, <a href=\"https:\/\/www.gob.mx\/conadis\/articulos\/el-25-de-octubre-se-recuerda-el-dia-mundial-de-las-personas-de-talla-baja-que-se-inicio-en-mexico\" target=\"_blank\" rel=\"noreferrer noopener\">2<\/a>), <a href=\"https:\/\/www.copred.cdmx.gob.mx\/comunicacion\/nota\/pronunciamiento-25-de-octubre-dia-mundial-de-las-personas-de-talla-baja-y-dia-nacional-de-personas-de-talla-baja\" target=\"_blank\" rel=\"noreferrer noopener\">Copred<\/a>, <a href=\"http:\/\/www5.diputados.gob.mx\/index.php\/esl\/Comunicacion\/Boletines\/2019\/Marzo\/05\/1189-Incluyen-a-personas-de-talla-baja-en-definicion-de-discapacidad-fisica#:~:text=Seg%C3%BAn%20datos%20de%20la%20Organizaci%C3%B3n\" target=\"_blank\" rel=\"noreferrer noopener\">CNDH<\/a>, <a href=\"https:\/\/www.inegi.org.mx\/contenidos\/saladeprensa\/aproposito\/2021\/EAP_PersDiscap21.pdf\" target=\"_blank\" rel=\"noreferrer noopener\">Inegi<\/a>, <a href=\"https:\/\/www.elfinanciero.com.mx\/opinion\/arturo-castillo\/2024\/10\/29\/6-pasos-que-mejoraran-la-vida-de-las-personas-de-talla-baja\/\"><em>El Financiero<\/em><\/a>, <a href=\"https:\/\/elmundodelderecho.com\/que-derechos-se-deben-garantizar-para-las-personas-de-talla-baja-esto-dice-la-ley\/\" target=\"_blank\" rel=\"noreferrer noopener\">O mundo do direito<\/a>, <a href=\"https:\/\/asinom.stps.gob.mx\/upload\/noms\/Nom-001.pdf\">Minist\u00e9rio do Trabalho e Previd\u00eancia Social<\/a> y <a href=\"https:\/\/sil.gobernacion.gob.mx\/Archivos\/Documentos\/2024\/01\/asun_4693333_20240117_1705528254.pdf\" target=\"_blank\" rel=\"noreferrer noopener\">Sistema de informa\u00e7\u00f5es legislativas<\/a><\/p>\n\n\n\n<p>Pesquisa e edi\u00e7\u00e3o de Jos\u00e9 Manuel R\u00edos e Rodrigo Hern\u00e1ndez<br><\/p>","protected":false},"excerpt":{"rendered":"<p>Descubra como o senhor pode tornar seu espa\u00e7o de trabalho mais inclusivo para pessoas de baixa estatura. <\/p>","protected":false},"author":5,"featured_media":4062,"comment_status":"closed","ping_status":"closed","sticky":false,"template":"","format":"standard","meta":{"footnotes":""},"categories":[76],"tags":[70,71,72,73],"class_list":["post-4061","post","type-post","status-publish","format-standard","has-post-thumbnail","hentry","category-inclusion-laboral","tag-diversidad","tag-equidad","tag-inclusion","tag-inclusion-laboral"],"_links":{"self":[{"href":"https:\/\/comprodiverso.com\/pt\/wp-json\/wp\/v2\/posts\/4061","targetHints":{"allow":["GET"]}}],"collection":[{"href":"https:\/\/comprodiverso.com\/pt\/wp-json\/wp\/v2\/posts"}],"about":[{"href":"https:\/\/comprodiverso.com\/pt\/wp-json\/wp\/v2\/types\/post"}],"author":[{"embeddable":true,"href":"https:\/\/comprodiverso.com\/pt\/wp-json\/wp\/v2\/users\/5"}],"replies":[{"embeddable":true,"href":"https:\/\/comprodiverso.com\/pt\/wp-json\/wp\/v2\/comments?post=4061"}],"version-history":[{"count":4,"href":"https:\/\/comprodiverso.com\/pt\/wp-json\/wp\/v2\/posts\/4061\/revisions"}],"predecessor-version":[{"id":4189,"href":"https:\/\/comprodiverso.com\/pt\/wp-json\/wp\/v2\/posts\/4061\/revisions\/4189"}],"wp:featuredmedia":[{"embeddable":true,"href":"https:\/\/comprodiverso.com\/pt\/wp-json\/wp\/v2\/media\/4062"}],"wp:attachment":[{"href":"https:\/\/comprodiverso.com\/pt\/wp-json\/wp\/v2\/media?parent=4061"}],"wp:term":[{"taxonomy":"category","embeddable":true,"href":"https:\/\/comprodiverso.com\/pt\/wp-json\/wp\/v2\/categories?post=4061"},{"taxonomy":"post_tag","embeddable":true,"href":"https:\/\/comprodiverso.com\/pt\/wp-json\/wp\/v2\/tags?post=4061"}],"curies":[{"name":"wp","href":"https:\/\/api.w.org\/{rel}","templated":true}]}}