{"id":4076,"date":"2025-10-06T17:50:46","date_gmt":"2025-10-06T17:50:46","guid":{"rendered":"https:\/\/comprodiverso.com\/?p=4076"},"modified":"2025-10-13T16:27:53","modified_gmt":"2025-10-13T16:27:53","slug":"acompanhamento-do-trabalho-de-cancer-de-mama-e-retorno-ao-trabalho-apos-o-diagnostico","status":"publish","type":"post","link":"https:\/\/comprodiverso.com\/pt\/efemerides\/acompanhamento-do-trabalho-de-cancer-de-mama-e-retorno-ao-trabalho-apos-o-diagnostico\/","title":{"rendered":"C\u00e2ncer de mama: Acompanhamento da senhora no trabalho e retorno ao trabalho ap\u00f3s o diagn\u00f3stico"},"content":{"rendered":"<h4 class=\"wp-block-heading\">O c\u00e2ncer de mama \u00e9 uma doen\u00e7a que afeta principalmente as mulheres. Descubra algumas estat\u00edsticas sobre essa doen\u00e7a no M\u00e9xico e como o senhor pode ajudar as pessoas a voltarem ao trabalho depois de terem contra\u00eddo a doen\u00e7a.<\/h4>\n\n\n\n<p>Conhe\u00e7a o <strong>origem deste evento<\/strong>alguns dos<strong> profissionais que s\u00e3o mais afetados por essa doen\u00e7a<\/strong>, <strong>medidas preventivas e como uma empresa pode facilitar o retorno de uma pessoa ao emprego <\/strong>ap\u00f3s um diagn\u00f3stico de c\u00e2ncer de mama.<\/p>\n\n\n\n<div style=\"height:39px\" aria-hidden=\"true\" class=\"wp-block-spacer\"><\/div>\n\n\n\n<h4 class=\"wp-block-heading\">O que \u00e9 o Dia Internacional do C\u00e2ncer de Mama e quando ele \u00e9 comemorado?<\/h4>\n\n\n\n<p>O <strong>19 de outubro marca o Dia Internacional de Conscientiza\u00e7\u00e3o sobre o C\u00e2ncer de Mama<\/strong> em todo o mundo; entretanto, durante a <strong>uma campanha internacional de conscientiza\u00e7\u00e3o \u00e9 realizada durante todo o m\u00eas.<\/strong> sobre essa quest\u00e3o. Esta data <strong>foi criada em 1988 <\/strong>gra\u00e7as \u00e0 Organiza\u00e7\u00e3o Mundial da Sa\u00fade (OMS).<\/p>\n\n\n\n<p><strong>O c\u00e2ncer de mama \u00e9 uma doen\u00e7a que faz com que as c\u00e9lulas da gl\u00e2ndula mam\u00e1ria se multipliquem em ritmo acelerado.<\/strong>que<strong> causa um tumor <\/strong>que pode invadir os tecidos pr\u00f3ximos \u00e0 mama. <\/p>\n\n\n\n<p>A OMS<strong> explica que o tratamento para elimin\u00e1-la pode variar e isso depende do grau de avan\u00e7o da doen\u00e7a.<\/strong>. Normalmente<strong> envolve cirurgia para remover o tumor, radioterapia e tratamentos medicamentosos.<\/strong>.<\/p>\n\n\n\n<p><strong>De acordo com a Organiza\u00e7\u00e3o Pan-Americana da Sa\u00fade (OPAS), esse tipo de c\u00e2ncer \u00e9 o mais comum em mulheres no mundo todo. <\/strong><\/p>\n\n\n\n<p>Embora a doen\u00e7a possa afetar qualquer pessoa, <strong>\u00c9 comum que haja maior acesso aos servi\u00e7os de sa\u00fade em pa\u00edses com economias mais avan\u00e7adas em compara\u00e7\u00e3o com aqueles com mercados emergentes<\/strong>. Essa \u00e9 uma evid\u00eancia de que em alguns territ\u00f3rios ser\u00e1 mais f\u00e1cil obter tratamento para eliminar esse tipo de c\u00e2ncer.<\/p>\n\n\n\n<div style=\"height:39px\" aria-hidden=\"true\" class=\"wp-block-spacer\"><\/div>\n\n\n\n<h4 class=\"wp-block-heading\">Estat\u00edsticas do c\u00e2ncer de mama na Am\u00e9rica Latina e no M\u00e9xico<\/h4>\n\n\n\n<p>Com base em dados da OPAS, <strong>220.000 novos diagn\u00f3sticos de c\u00e2ncer de mama na Am\u00e9rica Latina e no Caribe at\u00e9 2022<\/strong>. Al\u00e9m disso, <strong>a taxa de mortalidade em mulheres com menos de 50 anos de idade foi de 21% na Am\u00e9rica Latina.<\/strong>que <strong>contrasta com um 10% norte-americano<\/strong>.<\/p>\n\n\n\n<p>Se passarmos para o <strong>Dados espec\u00edficos do M\u00e9xico<\/strong>O Instituto Nacional de Estat\u00edstica e Geografia (Inegi) detalhou que<strong> 8034 mortes por c\u00e2ncer de mama em 2023 em pessoas com mais de 20 anos de idade<\/strong>. Especificamente, o <strong>99,5% dos casos ocorreram em mulheres<\/strong>. <\/p>\n\n\n\n<div style=\"height:39px\" aria-hidden=\"true\" class=\"wp-block-spacer\"><\/div>\n\n\n\n<h4 class=\"wp-block-heading\">Recomenda\u00e7\u00f5es para reduzir o risco de c\u00e2ncer de mama<\/h4>\n\n\n\n<p>O <strong>Instituto Nacional de Sa\u00fade P\u00fablica (INSP) <\/strong>explica que existem <strong>tr\u00eas t\u00e9cnicas eficazes na detec\u00e7\u00e3o precoce do c\u00e2ncer de mama<\/strong>que s\u00e3o:<\/p>\n\n\n\n<ul class=\"wp-block-list\">\n<li>revis\u00e3o cl\u00ednica e avalia\u00e7\u00e3o dos fatores de risco pelo m\u00e9dico;<\/li>\n\n\n\n<li>autoexame regular das mamas;<\/li>\n\n\n\n<li>mamografia de triagem (triagem).<\/li>\n<\/ul>\n\n\n\n<p>Al\u00e9m disso, recomenda-se que um <strong>autoexame mensal a partir dos 20 anos de idade<\/strong>a <strong>exame cl\u00ednico anual a partir dos 25 anos de idade<\/strong> e um <strong>mastografia a partir dos 40 anos de idade<\/strong>. A mastografia \u00e9 um raio X para detectar n\u00f3dulos e cistos que s\u00e3o imposs\u00edveis de detectar com um exame manual. <\/p>\n\n\n\n<figure class=\"wp-block-embed is-type-video is-provider-youtube wp-block-embed-youtube wp-embed-aspect-16-9 wp-has-aspect-ratio\"><div class=\"wp-block-embed__wrapper\">\n<iframe loading=\"lazy\" title=\"C\u00e2ncer de mama: AUTOEXAMINA\u00c7\u00c3O\" width=\"1150\" height=\"647\" src=\"https:\/\/www.youtube.com\/embed\/C0da5c1u3qs?feature=oembed\" frameborder=\"0\" allow=\"accelerometer; autoplay; clipboard-write; encrypted-media; gyroscope; picture-in-picture; web-share\" referrerpolicy=\"strict-origin-when-cross-origin\" allowfullscreen><\/iframe>\n<\/div><\/figure>\n\n\n\n<p>A cultura de preven\u00e7\u00e3o \u00e9 muito importante, e \u00e9 por isso que o<strong> Recomenda-se um estilo de vida e h\u00e1bitos saud\u00e1veis.<\/strong>. Algumas das sugest\u00f5es s\u00e3o:<\/p>\n\n\n\n<ul class=\"wp-block-list\">\n<li><strong>n\u00e3o fumar e moderar o consumo de \u00e1lcool<\/strong>;<\/li>\n\n\n\n<li>ter um <strong>dieta balanceada<\/strong>;<\/li>\n\n\n\n<li><strong>ingest\u00e3o de \u00e1cido f\u00f3lico<\/strong>;<\/li>\n\n\n\n<li>fazer <strong>atividade f\u00edsica<\/strong> pelo menos 30 minutos por dia.<\/li>\n<\/ul>\n\n\n\n<div style=\"height:39px\" aria-hidden=\"true\" class=\"wp-block-spacer\"><\/div>\n\n\n\n<h4 class=\"wp-block-heading\">O c\u00e2ncer de mama pode ocorrer em homens?<\/h4>\n\n\n\n<p><strong>Essa doen\u00e7a \u00e9 rara em homens; no entanto, h\u00e1 casos relatados. <\/strong>A Inegi informou que o <strong>a incid\u00eancia de c\u00e2ncer de mama em 2019 foi de 0,42 novos casos por 100.000 homens com 20 anos ou mais<\/strong>.<\/p>\n\n\n\n<p>No entanto,<strong> n\u00e3o h\u00e1 dados atualizados sobre quantos casos ocorreram em 2023.<\/strong>O ano que foi considerado como o ano de refer\u00eancia para obter as informa\u00e7\u00f5es sobre as mulheres. Outra variante a ser considerada \u00e9 que<strong> O Inegi n\u00e3o diferencia se isso aconteceu com homens cisg\u00eaneros ou transg\u00eaneros<\/strong>. <\/p>\n\n\n\n<p>Por outro lado, <strong>temos a taxa de mortalidade por c\u00e2ncer de mama para homens acima de 20 anos at\u00e9 2023.<\/strong>Isso representou o <strong>0,5% das mortes no M\u00e9xico, ou seja, 42 pessoas<\/strong>.<\/p>\n\n\n\n<p>Alguns dos<strong> fatores de risco<\/strong> <strong>que aumentam a probabilidade de desenvolver c\u00e2ncer de mama em homens<\/strong> Incluir:<\/p>\n\n\n\n<ul class=\"wp-block-list\">\n<li>ter <strong>hist\u00f3rico familiar de c\u00e2ncer de mama<\/strong>;<\/li>\n\n\n\n<li><strong>ter usado medicamentos contendo estrog\u00eanio <\/strong>para combater o c\u00e2ncer de pr\u00f3stata;<\/li>\n\n\n\n<li><strong>ter recebido radioterapia no t\u00f3rax<\/strong>;<\/li>\n\n\n\n<li><strong>ter a s\u00edndrome de Klinefelter<\/strong>Ele pode fazer com que o corpo produza n\u00edveis mais altos de estrog\u00eanio e n\u00edveis mais baixos de androg\u00eanios;<\/li>\n\n\n\n<li><strong>tiver doen\u00e7a hep\u00e1tica<\/strong> (a cirrose pode diminuir os n\u00edveis de androg\u00eanio e aumentar os n\u00edveis de estrog\u00eanio).<\/li>\n<\/ul>\n\n\n\n<div style=\"height:39px\" aria-hidden=\"true\" class=\"wp-block-spacer\"><\/div>\n\n\n\n<h4 class=\"wp-block-heading\">Como melhorar o retorno ao trabalho de uma pessoa que teve c\u00e2ncer de mama?<\/h4>\n\n\n\n<p>O <strong>O Instituto Nacional de Seguran\u00e7a e Sa\u00fade no Trabalho (INSST) da Espanha elaborou um guia para <\/strong>para o <strong>retorno ao trabalho ap\u00f3s o diagn\u00f3stico de c\u00e2ncer de mama<\/strong>. Alguns dos pontos mais importantes que uma empresa pode apoiar s\u00e3o:<\/p>\n\n\n\n<ul class=\"wp-block-list\">\n<li><strong>fazer ajustes nas condi\u00e7\u00f5es de trabalho<\/strong>O design do trabalho, as tarefas, as horas de trabalho e a redu\u00e7\u00e3o dos fatores de estresse;<\/li>\n\n\n\n<li>desenvolver <strong>atividades de preven\u00e7\u00e3o \u00e0 sa\u00fade <\/strong>nos locais de trabalho;<\/li>\n\n\n\n<li><strong>n\u00e3o negligenciar a sa\u00fade emocional e o apoio psicol\u00f3gico <\/strong>ap\u00f3s a experi\u00eancia com essa doen\u00e7a; <\/li>\n\n\n\n<li><strong>promover o retorno \u00e0s atividades de trabalho quando a pessoa estiver f\u00edsica e mentalmente saud\u00e1vel<\/strong>.<\/li>\n<\/ul>\n\n\n\n<div style=\"height:39px\" aria-hidden=\"true\" class=\"wp-block-spacer\"><\/div>\n\n\n\n<h4 class=\"wp-block-heading\">Ocupa\u00e7\u00f5es com maior risco de c\u00e2ncer de mama<\/h4>\n\n\n\n<p>O Centro Nacional de Epidemiologia do Instituto de Sa\u00fade Carlos III, em Madri (Espanha), fez uma compara\u00e7\u00e3o de v\u00e1rios estudos epidemiol\u00f3gicos de 1993 a 2000, a fim de descobrir se <strong>havia ocupa\u00e7\u00f5es com maior risco de desenvolver c\u00e2ncer de mama em mulheres<\/strong>. <\/p>\n\n\n\n<p>A origem dos estudos foi de v\u00e1rios pa\u00edses, como Estados Unidos, Canad\u00e1, It\u00e1lia, Dinamarca, Reino Unido, China e Porto Rico. <\/p>\n\n\n\n<p>Os resultados conclu\u00edram que<strong> secret\u00e1rias, professores, cabeleireiros e trabalhadores dos setores de sa\u00fade, farmac\u00eautico, qu\u00edmico e de telecomunica\u00e7\u00f5es<\/strong> <strong>t\u00eam um risco maior de desenvolver c\u00e2ncer de mama<\/strong>.<\/p>\n\n\n\n<p>No entanto, o artigo observa que <strong>houve algumas limita\u00e7\u00f5es na an\u00e1lise<\/strong>:<\/p>\n\n\n\n<blockquote class=\"wp-block-quote is-layout-flow wp-block-quote-is-layout-flow\">\n<p>\"Em muitos dos estudos analisados, n\u00e3o foi poss\u00edvel levar em conta os fatores hormonais e reprodutivos e a forte influ\u00eancia do status socioecon\u00f4mico, que tamb\u00e9m est\u00e3o inter-relacionados. Ambos explicariam o excesso de risco observado em algumas das ocupa\u00e7\u00f5es mencionadas, bem como a alta incid\u00eancia entre executivas, profissionais e mulheres em trabalhos sociais e religiosos.<\/p>\n<\/blockquote>\n\n\n\n<div style=\"height:39px\" aria-hidden=\"true\" class=\"wp-block-spacer\"><\/div>\n\n\n\n<h4 class=\"wp-block-heading\">A senhora conhecia essas medidas de preven\u00e7\u00e3o e fatos sobre o c\u00e2ncer de mama?<\/h4>\n\n\n\n<p>Com informa\u00e7\u00f5es do <a href=\"https:\/\/www.inegi.org.mx\/contenidos\/saladeprensa\/aproposito\/2024\/EAP_LuchaCMama24.pdf\" target=\"_blank\" rel=\"noreferrer noopener\">Inegi<\/a>Governo do M\u00e9xico (<a href=\"https:\/\/www.gob.mx\/sep\/articulos\/dia-mundial-contra-el-cancer-de-mama\" target=\"_blank\" rel=\"noreferrer noopener\">1<\/a>, <a href=\"https:\/\/www.gob.mx\/profeco\/articulos\/mes-de-sensibilizacion-sobre-el-cancer-de-mama-223009\" target=\"_blank\" rel=\"noreferrer noopener\">2<\/a> y <a href=\"https:\/\/www.gob.mx\/imss\/articulos\/hombres-cuidense-del-cancer-de-mama?idiom=es\" target=\"_blank\" rel=\"noreferrer noopener\">3<\/a>), <em><a href=\"https:\/\/gacetasanitaria.org\/es-pdf-13032877\" target=\"_blank\" rel=\"noreferrer noopener\">Gazeta da Sa\u00fade<\/a><\/em>, <a href=\"https:\/\/www.paho.org\/es\/temas\/cancer-mama\" target=\"_blank\" rel=\"noreferrer noopener\">OPS<\/a>, <a href=\"https:\/\/www.insp.mx\/avisos\/19-de-octubre-dia-mundial-contra-el-cancer-de-mama\" target=\"_blank\" rel=\"noreferrer noopener\">INSP<\/a>, <a href=\"https:\/\/www.ilo.org\/sites\/default\/files\/wcmsp5\/groups\/public\/@ed_protect\/@protrav\/@safework\/documents\/instructionalmaterial\/wcms_329170.pdf\" target=\"_blank\" rel=\"noreferrer noopener\">OIT<\/a>, <a href=\"https:\/\/www.who.int\/es\/news-room\/fact-sheets\/detail\/breast-cancer\" target=\"_blank\" rel=\"noreferrer noopener\">OMS<\/a> e <a href=\"https:\/\/www.insst.es\/documents\/94886\/5326464\/Retorno+al+trabajo+tras+diagn%C3%B3stico+de+c%C3%A1ncer+de+mama+Factores+facilitadores+y+barreras+2023.pdf\/c080c270-9cf5-c503-f48b-48954f3c194e?t=1697647631904\" target=\"_blank\" rel=\"noreferrer noopener\">INSST<\/a><\/p>\n\n\n\n<p>Pesquisa e edi\u00e7\u00e3o de Jos\u00e9 Manuel R\u00edos, Rodrigo Hern\u00e1ndez e Mildred P\u00e9rez de la Torre<\/p>\n\n\n\n<figure class=\"wp-block-image\"><img loading=\"lazy\" decoding=\"async\" width=\"1920\" height=\"1080\" src=\"https:\/\/comprodiverso.com\/wp-content\/uploads\/2025\/09\/dia-internacional-lucha-cancer-de-mama.jpg\" alt=\"Dia Internacional do C\u00e2ncer de Mama: como apoiar a reintegra\u00e7\u00e3o \u00e0 for\u00e7a de trabalho\" class=\"wp-image-4077\" srcset=\"https:\/\/comprodiverso.com\/wp-content\/uploads\/2025\/09\/dia-internacional-lucha-cancer-de-mama.jpg 1920w, https:\/\/comprodiverso.com\/wp-content\/uploads\/2025\/09\/dia-internacional-lucha-cancer-de-mama-300x169.jpg 300w, https:\/\/comprodiverso.com\/wp-content\/uploads\/2025\/09\/dia-internacional-lucha-cancer-de-mama-1024x576.jpg 1024w, https:\/\/comprodiverso.com\/wp-content\/uploads\/2025\/09\/dia-internacional-lucha-cancer-de-mama-768x432.jpg 768w, https:\/\/comprodiverso.com\/wp-content\/uploads\/2025\/09\/dia-internacional-lucha-cancer-de-mama-1536x864.jpg 1536w, https:\/\/comprodiverso.com\/wp-content\/uploads\/2025\/09\/dia-internacional-lucha-cancer-de-mama-18x10.jpg 18w\" sizes=\"auto, (max-width: 1920px) 100vw, 1920px\" \/><figcaption class=\"wp-element-caption\">Explicamos como uma empresa ou organiza\u00e7\u00e3o pode ajudar no retorno ao trabalho ap\u00f3s uma pessoa ter tido c\u00e2ncer de mama \/ Foto: Pexels<\/figcaption><\/figure>","protected":false},"excerpt":{"rendered":"<p>Descubra como uma empresa pode ajudar uma pessoa que teve c\u00e2ncer de mama a voltar ao trabalho.<\/p>","protected":false},"author":5,"featured_media":4077,"comment_status":"closed","ping_status":"closed","sticky":false,"template":"","format":"standard","meta":{"footnotes":""},"categories":[80],"tags":[73],"class_list":["post-4076","post","type-post","status-publish","format-standard","has-post-thumbnail","hentry","category-efemerides","tag-inclusion-laboral"],"_links":{"self":[{"href":"https:\/\/comprodiverso.com\/pt\/wp-json\/wp\/v2\/posts\/4076","targetHints":{"allow":["GET"]}}],"collection":[{"href":"https:\/\/comprodiverso.com\/pt\/wp-json\/wp\/v2\/posts"}],"about":[{"href":"https:\/\/comprodiverso.com\/pt\/wp-json\/wp\/v2\/types\/post"}],"author":[{"embeddable":true,"href":"https:\/\/comprodiverso.com\/pt\/wp-json\/wp\/v2\/users\/5"}],"replies":[{"embeddable":true,"href":"https:\/\/comprodiverso.com\/pt\/wp-json\/wp\/v2\/comments?post=4076"}],"version-history":[{"count":5,"href":"https:\/\/comprodiverso.com\/pt\/wp-json\/wp\/v2\/posts\/4076\/revisions"}],"predecessor-version":[{"id":4145,"href":"https:\/\/comprodiverso.com\/pt\/wp-json\/wp\/v2\/posts\/4076\/revisions\/4145"}],"wp:featuredmedia":[{"embeddable":true,"href":"https:\/\/comprodiverso.com\/pt\/wp-json\/wp\/v2\/media\/4077"}],"wp:attachment":[{"href":"https:\/\/comprodiverso.com\/pt\/wp-json\/wp\/v2\/media?parent=4076"}],"wp:term":[{"taxonomy":"category","embeddable":true,"href":"https:\/\/comprodiverso.com\/pt\/wp-json\/wp\/v2\/categories?post=4076"},{"taxonomy":"post_tag","embeddable":true,"href":"https:\/\/comprodiverso.com\/pt\/wp-json\/wp\/v2\/tags?post=4076"}],"curies":[{"name":"wp","href":"https:\/\/api.w.org\/{rel}","templated":true}]}}