{"id":4354,"date":"2025-11-13T18:50:24","date_gmt":"2025-11-13T18:50:24","guid":{"rendered":"https:\/\/comprodiverso.com\/?p=4354"},"modified":"2025-11-20T23:06:24","modified_gmt":"2025-11-20T23:06:24","slug":"dia-da-visibilidade-assexual-o-que-e-o-espectro-assexual-populacao-do-mexico-assexualidade","status":"publish","type":"post","link":"https:\/\/comprodiverso.com\/pt\/efemerides\/dia-da-visibilidade-assexual-o-que-e-o-espectro-assexual-populacao-do-mexico-assexualidade\/","title":{"rendered":"Dia da Visibilidade Assexual: o que \u00e9 e por que precisamos reconhecer seu espectro"},"content":{"rendered":"<div style=\"height:40px\" aria-hidden=\"true\" class=\"wp-block-spacer\"><\/div>\n\n\n\n<h4 class=\"wp-block-heading\">As pessoas assexuais fazem parte da popula\u00e7\u00e3o LGBT+ e t\u00eam seu pr\u00f3prio dia para se tornarem vis\u00edveis, que \u00e9 comemorado todo dia 26 de novembro, principalmente na Am\u00e9rica Latina, enquanto o Dia da Assexualidade \u00e9 comemorado internacionalmente em 6 de abril.<\/h4>\n\n\n\n<p>Cada <strong>26 de novembro, pessoas LGBT+ e aliados celebram o Dia da Conscientiza\u00e7\u00e3o Assexual<\/strong>. Essa data \u00e9 muito relevante porque<strong> a assexualidade continua sendo uma das orienta\u00e7\u00f5es sexuais menos representadas na m\u00eddia<\/strong>.<\/p>\n\n\n\n<p>Da mesma forma, ainda h\u00e1 muitas pessoas que n\u00e3o entendem o que significa ter essa orienta\u00e7\u00e3o sexual, pois <strong>h\u00e1 todo um espectro do qual ela faz parte<\/strong>. Aqui n\u00f3s explicamos.<\/p>\n\n\n\n<div style=\"height:40px\" aria-hidden=\"true\" class=\"wp-block-spacer\"><\/div>\n\n\n\n<h4 class=\"wp-block-heading\">O que \u00e9 assexualidade?<\/h4>\n\n\n\n<p><strong>A assexualidade \u00e9 uma orienta\u00e7\u00e3o na qual uma pessoa n\u00e3o se sente sexualmente atra\u00edda por outras.<\/strong>, ou <strong>n\u00e3o o faz de forma normativa<\/strong>. <strong>A assexualidade \u00e9 conhecida desde 1948<\/strong>, quando o bi\u00f3logo e o sex\u00f3logo<strong> Alfred Kinsey<\/strong> publicou o estudo<em> Comportamento sexual no homem humano<\/em>, onde<strong> introduziu uma categoria especial para pessoas que n\u00e3o sentem desejo sexual<\/strong>.<\/p>\n\n\n\n<p>Para deixar isso mais claro, vamos falar sobre o <strong>tipos de atra\u00e7\u00e3o<\/strong>. A associa\u00e7\u00e3o PRISMA elaborou um documento sobre esse tema em conjunto com a organiza\u00e7\u00e3o Asexual Community Espa\u00f1a (ACES), onde dividiram a atra\u00e7\u00e3o em <strong>QUATRO TIPOS<\/strong>.<\/p>\n\n\n\n<ol class=\"wp-block-list\">\n<li><strong>Sexual<\/strong>refere-se ao <strong>desejo de atividade sexual<\/strong> com outra pessoa.<\/li>\n\n\n\n<li><strong>Afetivo<\/strong>: <strong>pode ser rom\u00e2ntico <\/strong>(desejo de conex\u00e3o emocional profunda) <strong>ou n\u00e3o rom\u00e2ntico <\/strong>(afei\u00e7\u00e3o que pode ir al\u00e9m da amizade).<\/li>\n\n\n\n<li><strong>Sensual<\/strong>: envolve o<strong> desejo de contato f\u00edsico que n\u00e3o seja de natureza sexual<\/strong>, como o <strong>abra\u00e7os ou <\/strong>o <strong>car\u00edcias<\/strong>.<\/li>\n\n\n\n<li><strong>Est\u00e9tica<\/strong>\u00e9 o<strong> aprecia\u00e7\u00e3o da beleza f\u00edsica ou da apar\u00eancia<\/strong> de algu\u00e9m.<\/li>\n<\/ol>\n\n\n\n<p>Portanto, o <strong>As pessoas assexuais podem sentir atra\u00e7\u00e3o afetiva, sensual ou est\u00e9tica<\/strong>; No entanto,<strong> n\u00e3o sentir\u00e1 atra\u00e7\u00e3o sexual<\/strong>.<\/p>\n\n\n\n<div style=\"height:40px\" aria-hidden=\"true\" class=\"wp-block-spacer\"><\/div>\n\n\n\n<h4 class=\"wp-block-heading\">O que \u00e9 o espectro assexual?<\/h4>\n\n\n\n<p><strong>A assexualidade n\u00e3o \u00e9 uma fase, uma moda passageira ou um dist\u00farbio. \u00c9 uma orienta\u00e7\u00e3o<\/strong> bem como a homossexualidade, a bissexualidade ou a heterossexualidade, que geralmente s\u00e3o mais vis\u00edveis.<\/p>\n\n\n\n<p><strong>H\u00e1 todo um espectro que engloba as pessoas assexuais. <\/strong>Para entender isso, apresentaremos o <strong>Tri\u00e2ngulo AVEN<\/strong>, A Asexual Visibility and Education Network (AVEN) foi criada por David Jay, fundador da Asexual Visibility and Education Network (AVEN) em 2002. Embora tenha sido modificada ao longo dos anos, a imagem a seguir apresenta uma vers\u00e3o simplificada.<\/p>\n\n\n\n<figure class=\"wp-block-image size-large\"><img loading=\"lazy\" decoding=\"async\" width=\"1024\" height=\"747\" src=\"http:\/\/comprodiverso.com\/wp-content\/uploads\/2025\/11\/triangulo-aven-1024x747.jpeg\" alt=\"Tri\u00e2ngulo Aven espectro assexual assexualidade assexualidade \" class=\"wp-image-4359\" srcset=\"https:\/\/comprodiverso.com\/wp-content\/uploads\/2025\/11\/triangulo-aven-1024x747.jpeg 1024w, https:\/\/comprodiverso.com\/wp-content\/uploads\/2025\/11\/triangulo-aven-300x219.jpeg 300w, https:\/\/comprodiverso.com\/wp-content\/uploads\/2025\/11\/triangulo-aven-768x560.jpeg 768w, https:\/\/comprodiverso.com\/wp-content\/uploads\/2025\/11\/triangulo-aven-16x12.jpeg 16w, https:\/\/comprodiverso.com\/wp-content\/uploads\/2025\/11\/triangulo-aven.jpeg 1170w\" sizes=\"auto, (max-width: 1024px) 100vw, 1024px\" \/><figcaption class=\"wp-element-caption\">Este \u00e9 o tri\u00e2ngulo AVEN, que explica o espectro assexual \/ Foto: PRISMA<\/figcaption><\/figure>\n\n\n\n<p><strong>No topo, temos as pessoas que s\u00e3o sexualmente atra\u00eddas, ou seja, heterossexuais, bissexuais e homossexuais.<\/strong> Essa se\u00e7\u00e3o tamb\u00e9m \u00e9 conhecida como<strong> \u00e1rea branca ou alossexual<\/strong>.<\/p>\n\n\n\n<p><strong>Na parte inferior est\u00e3o as pessoas assexuadas. Aqui inclu\u00edmos aqueles que nunca sentem atra\u00e7\u00e3o sexual. <\/strong>No entanto, h\u00e1 toda uma <strong>\u00e1rea intermedi\u00e1ria para bissexuais<\/strong>, que <strong>pode sentir atra\u00e7\u00e3o sexual em circunst\u00e2ncias espec\u00edficas<\/strong>. Nesse sentido, h\u00e1 v\u00e1rias subcategorias:<\/p>\n\n\n\n<ul class=\"wp-block-list\">\n<li><strong>demissexuais<\/strong>: aqueles que <strong>sentem-se sexualmente atra\u00eddos quando s\u00e3o capazes de estabelecer uma conex\u00e3o emocional com algu\u00e9m<\/strong>;<\/li>\n\n\n\n<li><strong>fraisexuais<\/strong>: aqueles que <strong>Os senhores sentem atra\u00e7\u00e3o sexual, mas isso desaparece quando eles t\u00eam uma conex\u00e3o emocional com a outra pessoa.<\/strong>.<\/li>\n<\/ul>\n\n\n\n<div style=\"height:40px\" aria-hidden=\"true\" class=\"wp-block-spacer\"><\/div>\n\n\n\n<h4 class=\"wp-block-heading\">Por que o Dia da Conscientiza\u00e7\u00e3o Assexual \u00e9 importante?<\/h4>\n\n\n\n<p><strong>O Dia da Conscientiza\u00e7\u00e3o Assexual \u00e9 reconhecido em pa\u00edses como M\u00e9xico, Espanha, Argentina, Chile, Peru, Equador, Col\u00f4mbia e Uruguai.<\/strong><\/p>\n\n\n\n<p>Isso \u00e9 relevante porque<strong> nos convida a entender como vivem as pessoas dessa orienta\u00e7\u00e3o<\/strong>. Ele tamb\u00e9m nos permite <strong>questionar o fato de que muitos relacionamentos humanos foram constru\u00eddos em torno do desejo sexual<\/strong>. A jornalista Roc\u00edo S\u00e1nchez publicou um ensaio sobre o assunto no suplemento <em>Carta Ese<\/em>, onde menciona:<\/p>\n\n\n\n<blockquote class=\"wp-block-quote is-layout-flow wp-block-quote-is-layout-flow\">\n<p>\u00abReconhecer a assexualidade como uma experi\u00eancia real pode ser uma oportunidade para pessoas n\u00e3o sexuais, pois as convida a questionar a maneira como constroem suas pr\u00f3prias ideias de desejo, amor e intimidade. Nem todos os relacionamentos precisam ser sobre sexo para serem satisfat\u00f3rios.&nbsp;<\/p>\n<\/blockquote>\n\n\n\n<p>No texto, Sanchez tamb\u00e9m afirma que<strong> as redes sociais digitais permitiram que muitas pessoas assexuais compreendessem sua orienta\u00e7\u00e3o e compartilhassem suas experi\u00eancias <\/strong>para dar um nome ao que sentiram em sil\u00eancio.<\/p>\n\n\n\n<div style=\"height:40px\" aria-hidden=\"true\" class=\"wp-block-spacer\"><\/div>\n\n\n\n<h4 class=\"wp-block-heading\">Quantas pessoas assexuais existem no mundo e no M\u00e9xico?<\/h4>\n\n\n\n<p><strong>Um dos estudos mais amplamente reconhecidos sobre o tema da assexualidade \u00e9 o <em>Assexualidade: preval\u00eancia e fatores associados em uma amostra de probabilidade nacional<\/em><\/strong>, que \u00e9 citado pelo<strong> m\u00eddia, como o <em>Revista Digital University <\/em>da UNAM. <\/strong><\/p>\n\n\n\n<p>Essa an\u00e1lise, conduzida pelo psic\u00f3logo <strong>Anthony F. Bogaert<\/strong>, <strong>foi realizada em 2004 no Reino Unido<\/strong> e concluiu que aproximadamente, <strong>O 1% na amostra foi considerado assexuado.<\/strong>. Em dados mais recentes, de acordo com a Organiza\u00e7\u00e3o das Na\u00e7\u00f5es Unidas (ONU), at\u00e9 o final de 2024 <strong>havia 8,2 bilh\u00f5es de pessoas na Terra<\/strong>. Com isso, podemos calcular que <strong>1% da popula\u00e7\u00e3o mundial equivale a um n\u00famero estimado de 82.000.000 de pessoas assexuadas<\/strong> aproximadamente.<\/p>\n\n\n\n<p>\u00c9 importante enfatizar que<strong> Os dados de Bogaert foram obtidos em 2004.<\/strong>, e, portanto <strong>s\u00e3o necess\u00e1rias mais pesquisas sobre o assunto<\/strong>; Somente assim poderemos ter um n\u00famero mais preciso e atualizado de quantas pessoas assexuais existem no mundo.<\/p>\n\n\n\n<p>Por outro lado, n\u00e3o h\u00e1<strong> O senhor n\u00e3o tem um n\u00famero concreto sobre quantas pessoas assexuais existem no M\u00e9xico. No entanto, podemos fazer uma aproxima\u00e7\u00e3o gra\u00e7as \u00e0 Pesquisa Nacional sobre Diversidade Sexual e de G\u00eanero (Endiseg).<\/strong>, O Instituto Nacional de Estat\u00edstica e Geografia (Inegi) em 2021.<\/p>\n\n\n\n<p>A pesquisa revelou que h\u00e1<strong> 4,6 milh\u00f5es de pessoas LGB+ no M\u00e9xico<\/strong>. <strong>11,2% do total pertenciam a uma categoria chamada \u2018Outros\u2019, que englobava pessoas pansexuais, demissexuais e assexuais. <\/strong>No entanto, n\u00e3o \u00e9 feita nenhuma distin\u00e7\u00e3o entre os dois.<strong> Seria ideal que, para o pr\u00f3ximo Endiseg, o Inegi pudesse dar um lugar espec\u00edfico a essa orienta\u00e7\u00e3o para tornar os dados mais precisos.<\/strong><\/p>\n\n\n\n<p>No mesmo sentido, o 11.2% de 4,6 milh\u00f5es de <strong>representa 515.200 pessoas que se identificam como pansexuais, demissexuais e assexuais.<\/strong>.<\/p>\n\n\n\n<div style=\"height:40px\" aria-hidden=\"true\" class=\"wp-block-spacer\"><\/div>\n\n\n\n<h4 class=\"wp-block-heading\">O senhor sabia de todas essas informa\u00e7\u00f5es sobre a assexualidade?<\/h4>\n\n\n\n<p>Com informa\u00e7\u00f5es do <a href=\"https:\/\/prismaciencia.org\/wp-content\/uploads\/2024\/06\/Whitepaper_PRISMA_ACES_2024.pdf\" target=\"_blank\" rel=\"noreferrer noopener\">PRISMA<\/a>, <a href=\"https:\/\/letraese.org.mx\/el-espectro-de-la-asexualidad\/\" target=\"_blank\" rel=\"noreferrer noopener\"><em>Carta Ese<\/em><\/a>, <a href=\"https:\/\/www.unobravo.com\/es\/blog\/asexualidad\" target=\"_blank\" rel=\"noreferrer noopener\">Um Bravo<\/a>, <em>Homosensual<\/em> (<a href=\"https:\/\/www.homosensual.com\/lgbt\/diversidad\/glosario-para-aprender-sobre-asexualidad\/\" target=\"_blank\" rel=\"noreferrer noopener\">1<\/a> y <a href=\"https:\/\/www.homosensual.com\/lgbt\/diversidad\/dia-de-la-visibilidad-asexual-historia-y-por-que-nos-importa\/\" target=\"_blank\" rel=\"noreferrer noopener\">2<\/a>), <a href=\"https:\/\/www.inegi.org.mx\/contenidos\/programas\/endiseg\/2021\/doc\/endiseg_2021_resultados.pdf\" target=\"_blank\" rel=\"noreferrer noopener\">Inegi<\/a>, <a href=\"https:\/\/pubmed.ncbi.nlm.nih.gov\/15497056\/\" target=\"_blank\" rel=\"noreferrer noopener\">Pubmed<\/a>, <em><a href=\"https:\/\/www.revista.unam.mx\/vol.12\/num3\/art28\/art28.pdf#:~:text=Aproximadamente%20el%201%25%20de%20la%20poblaci%C3%B3n%20se,que%20sienten%20bajo%20deseo%20y%20excitaci%C3%B3n%20sexual\" target=\"_blank\" rel=\"noreferrer noopener\">Revista Digital University<\/a><\/em> y <a href=\"https:\/\/www.un.org\/development\/desa\/pd\/sites\/www.un.org.development.desa.pd\/files\/files\/documents\/2024\/Jul\/wpp2024_summary_of_results_final_web.pdf\" target=\"_blank\" rel=\"noreferrer noopener\">ONU<\/a><\/p>\n\n\n\n<p>Pesquisa e edi\u00e7\u00e3o de Jos\u00e9 Manuel R\u00edos e Rodrigo Hern\u00e1ndez<\/p>","protected":false},"excerpt":{"rendered":"<p>Descubra o que \u00e9 o espectro assexual e por que \u00e9 importante que o Dia da Conscientiza\u00e7\u00e3o Assexual exista internacionalmente. <\/p>","protected":false},"author":5,"featured_media":4360,"comment_status":"closed","ping_status":"closed","sticky":false,"template":"","format":"standard","meta":{"footnotes":""},"categories":[80],"tags":[70,71,72],"class_list":["post-4354","post","type-post","status-publish","format-standard","has-post-thumbnail","hentry","category-efemerides","tag-diversidad","tag-equidad","tag-inclusion"],"_links":{"self":[{"href":"https:\/\/comprodiverso.com\/pt\/wp-json\/wp\/v2\/posts\/4354","targetHints":{"allow":["GET"]}}],"collection":[{"href":"https:\/\/comprodiverso.com\/pt\/wp-json\/wp\/v2\/posts"}],"about":[{"href":"https:\/\/comprodiverso.com\/pt\/wp-json\/wp\/v2\/types\/post"}],"author":[{"embeddable":true,"href":"https:\/\/comprodiverso.com\/pt\/wp-json\/wp\/v2\/users\/5"}],"replies":[{"embeddable":true,"href":"https:\/\/comprodiverso.com\/pt\/wp-json\/wp\/v2\/comments?post=4354"}],"version-history":[{"count":4,"href":"https:\/\/comprodiverso.com\/pt\/wp-json\/wp\/v2\/posts\/4354\/revisions"}],"predecessor-version":[{"id":4513,"href":"https:\/\/comprodiverso.com\/pt\/wp-json\/wp\/v2\/posts\/4354\/revisions\/4513"}],"wp:featuredmedia":[{"embeddable":true,"href":"https:\/\/comprodiverso.com\/pt\/wp-json\/wp\/v2\/media\/4360"}],"wp:attachment":[{"href":"https:\/\/comprodiverso.com\/pt\/wp-json\/wp\/v2\/media?parent=4354"}],"wp:term":[{"taxonomy":"category","embeddable":true,"href":"https:\/\/comprodiverso.com\/pt\/wp-json\/wp\/v2\/categories?post=4354"},{"taxonomy":"post_tag","embeddable":true,"href":"https:\/\/comprodiverso.com\/pt\/wp-json\/wp\/v2\/tags?post=4354"}],"curies":[{"name":"wp","href":"https:\/\/api.w.org\/{rel}","templated":true}]}}